[
    {
        "Nome": "ERRATA DA PORTARIA DA M\u00c1RCIA PROFESSORA",
        "Numero": "146",
        "Exercicio": "2026"
    },
    {
        "Nome": "PORATARIA DE NOMAEA\u00c7\u00c3O DOS FISCAIS DE CONTRATOS",
        "Numero": "158",
        "Exercicio": "2026"
    },
    {
        "Nome": "PORTARIA DE LICEN\u00c7A PR\u00caMIO DA BETANHA RODRIGUES DA SILVA",
        "Numero": "157",
        "Exercicio": "2026"
    },
    {
        "Nome": "PORTARIA DE LICEN\u00c7A PR\u00caMIO DA GEANE MIRANDA COSTA",
        "Numero": "156",
        "Exercicio": "2026"
    },
    {
        "Nome": "PORTARIA DE LICEN\u00c7A PR\u00caMIO DO IVAN DE MORAIS SOUSA",
        "Numero": "155",
        "Exercicio": "2026"
    },
    {
        "Nome": "PORTARIA DE NOMEA\u00c7\u00c3O DA EQUIPE DO MAIS INTEGRAL",
        "Numero": "154",
        "Exercicio": "2026"
    },
    {
        "Nome": "PORTARIA DE NOMEA\u00c7\u00c3O DA JACYARA DIRETORA DO FIA",
        "Numero": "153",
        "Exercicio": "2026"
    },
    {
        "Nome": "PORTARIA DE NOMEA\u00c7\u00c3O DA MILENA PAA LEITE",
        "Numero": "151",
        "Exercicio": "2026"
    },
    {
        "Nome": "REJANE PEREIRA DA SILVA COORDENADORA CRAS",
        "Numero": "152",
        "Exercicio": "2026"
    },
    {
        "Nome": "PORTARIA DE EXONERA\u00c7\u00c3O DA TEREZINHA DE JESUS",
        "Numero": "150",
        "Exercicio": "2026"
    },
    {
        "Nome": "PORTARIA DE EXONERA\u00c7\u00c3O DA MARIA FERNANDA",
        "Numero": "149",
        "Exercicio": "2026"
    },
    {
        "Nome": "PORTARIA DO FRANCISCO DE ASSIS COORD. DA ESC. MARIA DAS DORES",
        "Numero": "148",
        "Exercicio": "2026"
    },
    {
        "Nome": "PORTARIA DA IRAMAR COORD. DA ESCOLA CEC\u00cdLIA MEIRELE",
        "Numero": "147",
        "Exercicio": "2026"
    },
    {
        "Nome": "PORTARIA DA M\u00c1RCIA JUSCELINA COORD. DO 1\u00ba AO 5\u00ba ANO",
        "Numero": "146",
        "Exercicio": "2026"
    },
    {
        "Nome": "PORTARIA DE NOMEA\u00c7\u00c3O DO ARINAL COORD. SEMED - ZONA RUAL",
        "Numero": "145",
        "Exercicio": "2026"
    },
    {
        "Nome": "PORTARIA DE NOMEA\u00c7\u00c3O DO ROBERTO B\u00c1GIO SEC. DE TRIBUTOS",
        "Numero": "144",
        "Exercicio": "2026"
    },
    {
        "Nome": "PORTARIA DE EXONERA\u00c7\u00c3O DO ROBERTO B\u00c1GIO ASSESSOR T\u00c9CNICO",
        "Numero": "143",
        "Exercicio": "2026"
    },
    {
        "Nome": "PORTARIA SEMED RESULTADO DO PR\u00caMIO OSCAR DA EDUCA\u00c7\u00c3O",
        "Numero": "003",
        "Exercicio": "2026"
    },
    {
        "Nome": "PORTARIA DE NOMEA\u00c7\u00c3O DO JO\u00c3O PEREIRA - DIRETOR DO HOSPITAL",
        "Numero": "142",
        "Exercicio": "2026"
    },
    {
        "Nome": "PORTARIA DE EXONERA\u00c7\u00c3O DA ARIANNY DE DIRETORA DO HOSPITAL",
        "Numero": "141",
        "Exercicio": "2026"
    },
    {
        "Nome": "PORTARIA DO CONSELHO DA ASSIST\u00caNCIA SOCIAL - CMAS",
        "Numero": "130",
        "Exercicio": "2025"
    },
    {
        "Nome": "PORTARIA DE LICEN\u00c7A PR\u00caMIO WENDREN MARQUES BARBOSA",
        "Numero": "140",
        "Exercicio": "2026"
    },
    {
        "Nome": "PORTARIA DE LICEN\u00c7A PR\u00caMIO MAIANE NOLETO",
        "Numero": "139",
        "Exercicio": "2026"
    },
    {
        "Nome": "PORTARIA DE LICEN\u00c7A PR\u00caMIO CEC\u00cdLIO JACINTO",
        "Numero": "138",
        "Exercicio": "2026"
    },
    {
        "Nome": "PORTARIA DO CRONOGRAMA DE JULGAMENTO DO OSCAR DA EDUCA\u00c7\u00c3O",
        "Numero": "002",
        "Exercicio": "2026"
    },
    {
        "Nome": "PORTARIA DA COMISSI\u00c7\u00c3O JULGADORA DO OSCAR DA EDUCA\u00c7\u00c3O",
        "Numero": "001",
        "Exercicio": "2026"
    },
    {
        "Nome": "PORTARIA DE NOMEA\u00c7\u00c3O DO HENRIQUE TEN\u00d3RIO COORDENADOR DO CAF",
        "Numero": "137",
        "Exercicio": "2026"
    },
    {
        "Nome": "PORTARIA DE NOMEA\u00c7\u00c3O DA SAMARA PINTO SECRET\u00c1RIA ADJUNTA DE EDUCA\u00c7\u00c3O",
        "Numero": "136",
        "Exercicio": "2026"
    },
    {
        "Nome": "PORTARIA DE EXONERA\u00c7\u00c3O DO CEC\u00cdLIO DE COORDENADOR",
        "Numero": "135",
        "Exercicio": "2026"
    },
    {
        "Nome": "PORTARIA DE EXONERA\u00c7\u00c3O DA SAMARA PINTO",
        "Numero": "134",
        "Exercicio": "2026"
    },
    {
        "Nome": "PORTARIA RESULTADO DO PROCESSO DE AVALIA\u00c7\u00c3O - SEMED",
        "Numero": "023",
        "Exercicio": "2025"
    },
    {
        "Nome": "PORTARIA DE EXONERA\u00c7\u00c3O DO IVAN DE MORAIS",
        "Numero": "132",
        "Exercicio": "2025"
    },
    {
        "Nome": "PORTARIA DE EXONERA\u00c7\u00c3O DA MARCIA JUSCELINA",
        "Numero": "133",
        "Exercicio": "2025"
    },
    {
        "Nome": "PORTARIA DE NOMEA\u00c7\u00c3O DOS MEMBROS DO CONSELHO DE ALIMENTA\u00c7\u00c3O ESCOLAR - CAE",
        "Numero": "131",
        "Exercicio": "2025"
    },
    {
        "Nome": "PORTARIA DE DIVULGA\u00c7\u00c3O DO PROCESSO DE AVALIA\u00c7\u00c3O",
        "Numero": "021",
        "Exercicio": "2025"
    },
    {
        "Nome": "PORTARIA DO PROCESSO DE DESEMPENHO FUNCIONAL - SEMED",
        "Numero": "020",
        "Exercicio": "2025"
    },
    {
        "Nome": "PORTARIA QUE INSTITUI A COMISS\u00c3O DE AVALIA\u00c7\u00c3O DE DESEMPENHO - SEMED",
        "Numero": "129",
        "Exercicio": "2025"
    },
    {
        "Nome": "PORTARIA QUE INSTITUI O GRUPO T\u00c9C. DE PREV. E VIG. DE \u00d3BITO MATERNO",
        "Numero": "10",
        "Exercicio": "2025"
    },
    {
        "Nome": "PORTARIA DOS MEMBROS DO CONSELHO DO FUMDEB",
        "Numero": "128",
        "Exercicio": "2025"
    },
    {
        "Nome": "PORTARIA DO CONSELHO MUNICIPAL DO CACS-FUNDEB",
        "Numero": "122",
        "Exercicio": "2025"
    },
    {
        "Nome": "LICEN\u00c7A PR\u00caMIO MARIA DA LUZ SILVA DOS SANTOS",
        "Numero": "121",
        "Exercicio": "2025"
    },
    {
        "Nome": "LICEN\u00c7A PR\u00caMIO ANT\u00d4NIA MIRANDA DA SILVA",
        "Numero": "120",
        "Exercicio": "2025"
    },
    {
        "Nome": "LICEN\u00c7A PR\u00caMIO CRISTIANE RODRIGUES ALMEIDA",
        "Numero": "127",
        "Exercicio": "2025"
    },
    {
        "Nome": "LICEN\u00c7A PR\u00caMIO RAIMUNDA NASCIMENTO DE SOUSA",
        "Numero": "126",
        "Exercicio": "2025"
    },
    {
        "Nome": "LICEN\u00c7A PR\u00caMIO ERI LIMA DE ARA\u00daJO",
        "Numero": "125",
        "Exercicio": "2025"
    },
    {
        "Nome": "LICEN\u00c7A PR\u00caMIO IN\u00caS OZELAME DA SILVA",
        "Numero": "124",
        "Exercicio": "2025"
    },
    {
        "Nome": "LICEN\u00c7A PR\u00caMIO TEREZINHA ALVES MOREIRA",
        "Numero": "123",
        "Exercicio": "2025"
    },
    {
        "Nome": "CONSELHO  DE SA\u00daDE",
        "Numero": "090",
        "Exercicio": "2025"
    },
    {
        "Nome": "PORTARIA DE OPERADOR DE IDENTIFICA\u00c7\u00c3O DO DANIEL MONTEIRO",
        "Numero": "117",
        "Exercicio": "2025"
    },
    {
        "Nome": "PORTARIA DE NOMEA\u00c7\u00c3O NA  COORDENA\u00c7\u00c3O DA LUZIA VANES",
        "Numero": "116",
        "Exercicio": "2025"
    },
    {
        "Nome": "PORTARIA DE ENCERRAMENTO DA SESS\u00c3O DA LUZIA VANES",
        "Numero": "115",
        "Exercicio": "2025"
    },
    {
        "Nome": "PORTARIA DA IN\u00caS OZELAME",
        "Numero": "114",
        "Exercicio": "2025"
    },
    {
        "Nome": "PORTARIA DA EVALDIINA GUIMAR\u00c3ES",
        "Numero": "113",
        "Exercicio": "2025"
    },
    {
        "Nome": "PORTARIA DE NOMEA\u00c7\u00c3O DA JUNTA MILITAR",
        "Numero": "112",
        "Exercicio": "2025"
    },
    {
        "Nome": "PORTARIA DA EQUIPE DO MAIS EDUCA\u00c7\u00c3O",
        "Numero": "111",
        "Exercicio": "2025"
    },
    {
        "Nome": "PORTARIA DE NOMEA\u00c7\u00c3O DO SEBASTI\u00c3O",
        "Numero": "110",
        "Exercicio": "2025"
    },
    {
        "Nome": "PORTARIA DE EXONERA\u00c7\u00c3O DO SEBASTI\u00c3O",
        "Numero": "109",
        "Exercicio": "2025"
    },
    {
        "Nome": "PORTARIA DA RAFAELA COORDENA\u00c7\u00c3O DO DETRAN RIBAMAR FIQUENE",
        "Numero": "107",
        "Exercicio": "2025"
    },
    {
        "Nome": "PORTARIA DO LUCIVALDO COORDENADOR DO SELO UNICEF",
        "Numero": "106",
        "Exercicio": "2025"
    },
    {
        "Nome": "PORTARIA DE NOMEA\u00c7\u00c3O DO VICENTE",
        "Numero": "104",
        "Exercicio": "2025"
    },
    {
        "Nome": "PORTARIA DE NOMEA\u00c7\u00c3O DO CLESIVAL COORDENADOR DA SALA DO EMPREENDEDOR",
        "Numero": "105",
        "Exercicio": "2025"
    },
    {
        "Nome": "PORTARIA DE LICEN\u00c7A PR\u00caMIO DA IVONEIDE FEITOSA",
        "Numero": "103",
        "Exercicio": "2025"
    },
    {
        "Nome": "PORTARIA DE LICEN\u00c7A PR\u00caMIO DA SILVANI SANTOS BARBOSA",
        "Numero": "102",
        "Exercicio": "2025"
    },
    {
        "Nome": "PORTARIA DE LICEN\u00c7A PR\u00caMIO DA FRANCISCA MARIA GALV\u00c3O CRUZ",
        "Numero": "101",
        "Exercicio": "2025"
    },
    {
        "Nome": "PORTARIA DE LICEN\u00c7A PR\u00caMIO DA MARIA DA LUZ",
        "Numero": "100",
        "Exercicio": "2025"
    },
    {
        "Nome": "PORTARIA - SEMED - NOMEA\u00c7\u00c3O MILDES",
        "Numero": "018",
        "Exercicio": "2025"
    },
    {
        "Nome": "NOMEA\u00c7\u00c3O DA JEANE REIS PARA A SALA DO EMPREENDEDOR",
        "Numero": "099",
        "Exercicio": "2025"
    },
    {
        "Nome": "PORTARIA  QUE DESIGNAA COMISS\u00c3O DE PLANEJAMENTO DAS CONTRATA\u00c7\u00d5ES,",
        "Numero": "098",
        "Exercicio": "2025"
    },
    {
        "Nome": "PORTARIA DE NOMEA\u00c7\u00c3O DOS MEMBROS DA CPL",
        "Numero": "097",
        "Exercicio": "2025"
    },
    {
        "Nome": "PORTARIA DA MILA MIRELA PREGOEIRO",
        "Numero": "096",
        "Exercicio": "2025"
    },
    {
        "Nome": "PORTARIA DE EXONERA\u00c7\u00c3O DA VANDA",
        "Numero": "095",
        "Exercicio": "2025"
    },
    {
        "Nome": "PORTARIA  \u2013 SEMED COMISS\u00c3O DE BANCOS DE PROFESSORES",
        "Numero": "016",
        "Exercicio": "2025"
    },
    {
        "Nome": "PORTARIA DE FISCAIS DE CONTRATOS",
        "Numero": "094",
        "Exercicio": "2025"
    },
    {
        "Nome": "PORTARIA SEMED - BRASIL ALFABETIZADO",
        "Numero": "015",
        "Exercicio": "2025"
    },
    {
        "Nome": "PORTARIA DE NOMEA\u00c7\u00c3O DO COMIT\u00ca DE MICROPLANEJAMENTO",
        "Numero": "093",
        "Exercicio": "2025"
    },
    {
        "Nome": "PORTARIA DE NOMEA\u00c7\u00c3O DO ROBERTO B\u00c1GIO",
        "Numero": "092",
        "Exercicio": "2025"
    },
    {
        "Nome": "PORTARIA DE EXONERA\u00c7\u00c3O DO ROBERTO B\u00c1GIO",
        "Numero": "091",
        "Exercicio": "2025"
    },
    {
        "Nome": "PORTARIA  \u2013 SEMED COMISS\u00c3O DE SELE\u00c7\u00c3O",
        "Numero": "013",
        "Exercicio": "2025"
    },
    {
        "Nome": "PORTARIA DO CONSELHO DE SA\u00daDE",
        "Numero": "090",
        "Exercicio": "2025"
    },
    {
        "Nome": "PORTARIA DE NOMEA\u00c7\u00c3O DA VIT\u00d3RIA PINHEIRO COMO SECRET\u00c1RIA",
        "Numero": "089",
        "Exercicio": "2025"
    },
    {
        "Nome": "PORTARIA DE EXONERA\u00c7\u00c3O DA VIT\u00d3RIA PINHEIRO",
        "Numero": "088",
        "Exercicio": "2025"
    },
    {
        "Nome": "PORTARIA QUE CANCELA A REDU\u00c7\u00c3O DA JORNADA DE TRABALHO",
        "Numero": "087",
        "Exercicio": "2025"
    },
    {
        "Nome": "PORTARIA DE EXONERA\u00c7\u00c3O DO DANIEL MONTEIRO",
        "Numero": "085",
        "Exercicio": "2025"
    },
    {
        "Nome": "PORTARIA DE EXONERA\u00c7\u00c3O DA SUELY CIRQUEIRA",
        "Numero": "086",
        "Exercicio": "2025"
    },
    {
        "Nome": "PORTARIA DA ANTONIA JEANE REIS",
        "Numero": "084",
        "Exercicio": "2025"
    },
    {
        "Nome": "PORTARIA DE NOMEA\u00c7\u00c3O DO Z\u00c9 DILSON",
        "Numero": "083",
        "Exercicio": "2025"
    },
    {
        "Nome": "PORTARIA DE NOMEA\u00c7\u00c3O DA TEREZINHA DE JESUS VELOSO",
        "Numero": "082",
        "Exercicio": "2025"
    },
    {
        "Nome": "PORTARIA DE CEDENCIA DA LUZIA VANES AO F\u00d3RUM",
        "Numero": "081",
        "Exercicio": "2025"
    },
    {
        "Nome": "PORTARIA DE NOMEA\u00c7\u00c3O DOS MEMBROS DA CPL",
        "Numero": "080",
        "Exercicio": "2025"
    },
    {
        "Nome": "PORTARIA DE NOMEA\u00c7\u00c3O DE VANDA MARIA PREGOEIRA",
        "Numero": "079",
        "Exercicio": "2025"
    },
    {
        "Nome": "PORTARIA DE EXONERA\u00c7\u00c3O VICTOR GABRIEL PREGOEIRO",
        "Numero": "078",
        "Exercicio": "2025"
    },
    {
        "Nome": "PORTARIA DE LICEN\u00c7A PR\u00caMIO DE AUGUSTO MENDES",
        "Numero": "077",
        "Exercicio": "2025"
    },
    {
        "Nome": "PORTARIA QUE DESIGNA O SEBASTI\u00c3O PARA O SISTEMA DA FOLHA NO TCE",
        "Numero": "076",
        "Exercicio": "2025"
    },
    {
        "Nome": "PORTARIA DO AGENTE DE CONTRATA\u00c7\u00c3O E PREGOEIRO",
        "Numero": "074",
        "Exercicio": "2025"
    },
    {
        "Nome": "PORTARIA QUE CANCELA A LICEN\u00c7A PR\u00caMIO DO FRANCISCO TORRES",
        "Numero": "073",
        "Exercicio": "2025"
    },
    {
        "Nome": "PORTARIA DE NOMEA\u00c7\u00c3O DO DANIEL MONTEIRO",
        "Numero": "072",
        "Exercicio": "2025"
    },
    {
        "Nome": "PORTARIA DE EXONERA\u00c7\u00c3O DO IRINEU CAVALCANTE",
        "Numero": "071",
        "Exercicio": "2025"
    },
    {
        "Nome": "PORTARIA DE NOMEA\u00c7\u00c3O DA SUELY CIRQUEIRA - CHEFE DE DIVIS\u00c3O",
        "Numero": "070",
        "Exercicio": "2025"
    },
    {
        "Nome": "PORTARIA DE NOMEA\u00c7\u00c3O DO WESDEYGLAN COORD. DE DIVIS\u00c3O DE ESPORTES",
        "Numero": "069",
        "Exercicio": "2025"
    },
    {
        "Nome": "PORTARIA DE NOMEA\u00c7\u00c3O DA ANA CATARINA",
        "Numero": "068",
        "Exercicio": "2025"
    },
    {
        "Nome": "PORTARIA DE COORDENA\u00c7\u00c3O DE LICITA\u00c7\u00d5ES E CONTRATOS (ERRATA)",
        "Numero": "031",
        "Exercicio": "2025"
    },
    {
        "Nome": "PORTARIA DE NOMEA\u00c7\u00c3O DO WASHISGTON CRUZ",
        "Numero": "067",
        "Exercicio": "2025"
    },
    {
        "Nome": "PORTARIA DE NOMEA\u00c7\u00c3O DA MARIA DE JESUS - DIJ\u00c9",
        "Numero": "066",
        "Exercicio": "2025"
    },
    {
        "Nome": "PORTARIA DE NOMEA\u00c7\u00c3O DO SEBASTI\u00c3O, ASSESSOR T\u00c9CNICO",
        "Numero": "065",
        "Exercicio": "2025"
    },
    {
        "Nome": "PORTARIA DE AVALIA\u00c7\u00c3O - RESULTADOS PRELIMINARES - SEMED",
        "Numero": "008",
        "Exercicio": "2025"
    },
    {
        "Nome": "PORTARIA DE NOMEA\u00c7\u00c3O DA MARCIA JUSCELINO - RETIFICA\u00c7\u00c3O",
        "Numero": "063",
        "Exercicio": "2025"
    },
    {
        "Nome": "PORTARIA DE NOMEA\u00c7\u00c3O PEDRO SILVINO",
        "Numero": "064",
        "Exercicio": "2025"
    },
    {
        "Nome": "PORTARIA DA M\u00c1RCIA COORDENADORA",
        "Numero": "063",
        "Exercicio": "2025"
    },
    {
        "Nome": "PORTARIA DO CEC\u00cdLIO COORDENADOR",
        "Numero": "062",
        "Exercicio": "2025"
    },
    {
        "Nome": "PORTARIA DA AURIC\u00c9LIA COORDENADORA",
        "Numero": "061",
        "Exercicio": "2025"
    },
    {
        "Nome": "PORTARIA DE AVALIA\u00c7\u00c3O DE DESEMPENHO - SEMED",
        "Numero": "001",
        "Exercicio": "2025"
    },
    {
        "Nome": "PORTARIA DE NOMEA\u00c7\u00c3O DO JAIRO DIFROGE",
        "Numero": "060",
        "Exercicio": "2025"
    },
    {
        "Nome": "PORTARIA DE NOMEA\u00c7\u00c3O DA ISABELA",
        "Numero": "059",
        "Exercicio": "2025"
    },
    {
        "Nome": "PORTARIA DE NOMEA\u00c7\u00c3O DO ROBERTO BAGIO",
        "Numero": "058",
        "Exercicio": "2025"
    },
    {
        "Nome": "PORTARIA DE NOMEA\u00c7\u00c3O DO MARCELO BELFORT - CHEFE DE DIVIS\u00c3O",
        "Numero": "057",
        "Exercicio": "2025"
    },
    {
        "Nome": "PORTARIA DE NOMEA\u00c7\u00c3O DA L\u00cdDIA FLORENCIO - CHEFE DE DIVIS\u00c3O",
        "Numero": "056",
        "Exercicio": "2025"
    },
    {
        "Nome": "PORTARIA DE NOMEA\u00c7\u00c3O ARIANNY DIRETORA DO HOSPITAL MUNICIPAL",
        "Numero": "054",
        "Exercicio": "2025"
    },
    {
        "Nome": "PORTARIA DE NOMEA\u00c7\u00c3O DO GLEYSON SOUSA",
        "Numero": "055",
        "Exercicio": "2025"
    },
    {
        "Nome": "PORTARIA DA ARIANNY PASTOS DIRETORA DO HOSPITAL MUNICIPAL",
        "Numero": "054",
        "Exercicio": "2025"
    },
    {
        "Nome": "PORTARIA DA VANUZA ALTINO COORDENADORA",
        "Numero": "053",
        "Exercicio": "2025"
    },
    {
        "Nome": "PORTARIA DA SAMARA PINTO COORDENADORA",
        "Numero": "052",
        "Exercicio": "2025"
    },
    {
        "Nome": "PORTARIA DA GIULIA GRACIELE COORDENADORA",
        "Numero": "051",
        "Exercicio": "2025"
    },
    {
        "Nome": "PORTARIA DO LAZARO GUEDES COORDENADOR",
        "Numero": "050",
        "Exercicio": "2025"
    },
    {
        "Nome": "PORTARIA DO IVAN MORAIS COORDENADOR",
        "Numero": "049",
        "Exercicio": "2025"
    },
    {
        "Nome": "PORTARIA DO INALDO GOMES COORDENADOR",
        "Numero": "048",
        "Exercicio": "2025"
    },
    {
        "Nome": "PORTARIA DA GILMARA BANDEIRA COORDENADORA",
        "Numero": "047",
        "Exercicio": "2025"
    },
    {
        "Nome": "PORTARIA DA GISELE MONTEIRO COORDENADORA",
        "Numero": "046",
        "Exercicio": "2025"
    },
    {
        "Nome": "PORTARIA DO JOS\u00c9 ALTINO CRUZ - RAIKAR",
        "Numero": "045",
        "Exercicio": "2025"
    },
    {
        "Nome": "PORTARIA DE NOMEA\u00c7\u00c3O DOS COORDENADORES DO MAIS INTEGRAL",
        "Numero": "044",
        "Exercicio": "2025"
    },
    {
        "Nome": "PORTARIA DE NOMEA\u00c7\u00c3O ETH MARIA DIRETORA DE DEPARTAMANTO ASSISTENCIA SICIAL",
        "Numero": "043",
        "Exercicio": "2025"
    },
    {
        "Nome": "PORTARIA DE NOMEA\u00c7\u00c3O DA VERA LUCIA DEPART. DE VIGILACIA EM SA\u00daDE",
        "Numero": "042",
        "Exercicio": "2025"
    },
    {
        "Nome": "PORTARIA DA RAISA MARA  DIRET. DE DEP. DE SA\u00daDE AMBIENTAL",
        "Numero": "041",
        "Exercicio": "2025"
    },
    {
        "Nome": "PORTARIA DE NOMEA\u00c7\u00c3O DO DENIS - SA\u00daDE DIRET. DE DEPARTAMENTO",
        "Numero": "040",
        "Exercicio": "2025"
    },
    {
        "Nome": "PORTARIA DE NOMEA\u00c7\u00c3O DO IRINEU CAVALCANTE ASSESSOR T\u00c9CNICO",
        "Numero": "039",
        "Exercicio": "2025"
    },
    {
        "Nome": "PORARIA DE NOMEA\u00c7\u00c3O DA PATRICIA  DE OLIVEIRA SEC. EXECUTIVA ADM",
        "Numero": "038",
        "Exercicio": "2025"
    },
    {
        "Nome": "PORTARIA DO VICTOR GABRIEL AGENTE DE CONTRATA\u00c7\u00c3O",
        "Numero": "037",
        "Exercicio": "2025"
    },
    {
        "Nome": "PORTARIA DE NOMEA\u00c7\u00c3O DA ARIADNA CHEFE DE SETOR",
        "Numero": "036",
        "Exercicio": "2025"
    },
    {
        "Nome": "PORTARIA DE NOMEA\u00c7\u00c3O CLESIVAL FONCECA ADJ. DE AGRICULTURA",
        "Numero": "035",
        "Exercicio": "2025"
    },
    {
        "Nome": "PORTARIA DE NOMEA\u00c7\u00c3O BARTOLOMEU SILVINO ASSESSOR T\u00c9CNICO",
        "Numero": "034",
        "Exercicio": "2025"
    },
    {
        "Nome": "PORTARIA DE NOMEA\u00c7\u00c3O - PUBLICADORES NO SITE DA FAMEM",
        "Numero": "033",
        "Exercicio": "2025"
    },
    {
        "Nome": "PORTARIA DE NOMEA\u00c7\u00c3O MARIA FERNANDA - PAA LEITE",
        "Numero": "032",
        "Exercicio": "2025"
    },
    {
        "Nome": "PORTARIA DE NOMEA\u00c7AO DOS GESTORES DE CONTRATO - CPL",
        "Numero": "031",
        "Exercicio": "2025"
    },
    {
        "Nome": "PORTARIA DE WANDERSON LIBERATO ASSESSOR T\u00c9CNICO",
        "Numero": "030",
        "Exercicio": "2025"
    },
    {
        "Nome": "PORTARIA DE NOMEA\u00c7\u00c3O DO SERGIO SANTANA SEC. ADJ INFRAESTRUTURA",
        "Numero": "029",
        "Exercicio": "2025"
    },
    {
        "Nome": "PORTARIA DE NOMEA\u00c7\u00c3O DO MARCELO RODRIGUES ASCOM",
        "Numero": "028",
        "Exercicio": "2025"
    },
    {
        "Nome": "PORTARIA DE NOMEA\u00c7\u00c3O DA NECILIA MELO SEC. ADJ. DE CULTURA",
        "Numero": "027",
        "Exercicio": "2025"
    },
    {
        "Nome": "PORTARIA DE NOMEA\u00c7\u00c3O DO CRISTIANO",
        "Numero": "025",
        "Exercicio": "2025"
    },
    {
        "Nome": "PORTARIA DA INGRID VIT\u00d3RIA SEC. ADJ. DE ASSIST\u00caNCIA SOCIAL",
        "Numero": "024",
        "Exercicio": "2025"
    },
    {
        "Nome": "PORTARIA DO CONTADOR ALESSANDRO",
        "Numero": "012",
        "Exercicio": "2025"
    },
    {
        "Nome": "PORTARIA DE EXONERA\u00c7\u00c3O DO LUIZ CARLOS JUNIOR",
        "Numero": "318",
        "Exercicio": "2024"
    },
    {
        "Nome": "PORTARIA DE LICEN\u00c7A PR\u00caMIO MARIA NEILA",
        "Numero": "023",
        "Exercicio": "2025"
    },
    {
        "Nome": "PORTARIA DE LICEN\u00c7A PR\u00caMIO MARIAZINHO LUCENA",
        "Numero": "022",
        "Exercicio": "2025"
    },
    {
        "Nome": "PORTARIA DE LICEN\u00c7A PR\u00caMIO DE FRANCICO TORRES",
        "Numero": "021",
        "Exercicio": "2025"
    },
    {
        "Nome": "PORTARIA DE LIC\u00caN\u00c7A PR\u00caMIO MARIA DAS MERC\u00caS",
        "Numero": "020",
        "Exercicio": "2025"
    },
    {
        "Nome": "PORTARIA DE NOMEA\u00c7\u00c3O DE FRANCISCO PATRIK DEP DE COMPRAS",
        "Numero": "019",
        "Exercicio": "2025"
    },
    {
        "Nome": "PORTARIA DE NOMEA\u00c7\u00c3O DO FRANCISCO PATRIK ASSESSOR ESPECIAL",
        "Numero": "018",
        "Exercicio": "2025"
    },
    {
        "Nome": "PORTARIA DE NOMEA\u00c7\u00c3O DA VIT\u00d3RIA PINHEIRO",
        "Numero": "017",
        "Exercicio": "2025"
    },
    {
        "Nome": "PORTARIA DE NOMEA\u00c7\u00c3O BARTOLOMEU - JUNIOR",
        "Numero": "015",
        "Exercicio": "2025"
    },
    {
        "Nome": "NOMEA\u00c7\u00c3O LAUANE SECRET\u00c1RIA EXECUTIVA",
        "Numero": "016",
        "Exercicio": "2025"
    },
    {
        "Nome": "PORTARIA DE NOMEA\u00c7\u00c3O ANNA VICT\u00d3RIA",
        "Numero": "014",
        "Exercicio": "2025"
    },
    {
        "Nome": "PORTARIA DA MONICA OLIVEIRA ASSESSORA JUR\u00cdDICA",
        "Numero": "013",
        "Exercicio": "2025"
    },
    {
        "Nome": "PORTARIA RAIMUNDO ALVES INFRAESTRUTURA",
        "Numero": "011",
        "Exercicio": "2025"
    },
    {
        "Nome": "PORTARIA LAMARTINE CULTURA",
        "Numero": "010",
        "Exercicio": "2025"
    },
    {
        "Nome": "PORTARIA JACYARA PINHEIRO ASSIST\u00caNCIA SOCIAL",
        "Numero": "009",
        "Exercicio": "2025"
    },
    {
        "Nome": "PORTARIA HELIA MARIA EDUCA\u00c7\u00c3O",
        "Numero": "008",
        "Exercicio": "2025"
    },
    {
        "Nome": "PORTARIA EMERSON JUNIOR SA\u00daDE",
        "Numero": "007",
        "Exercicio": "2025"
    },
    {
        "Nome": "PORTARIA ELISSANDRO AGRICULTURA",
        "Numero": "006",
        "Exercicio": "2025"
    },
    {
        "Nome": "PORTARIA JUVENAL DE SOUSA ECONOMIA",
        "Numero": "005",
        "Exercicio": "2025"
    },
    {
        "Nome": "PORTARIA LUIZ SABINO ADMINISTRA\u00c7\u00c3O E MEIO AMBIENTE",
        "Numero": "004",
        "Exercicio": "2025"
    },
    {
        "Nome": "PORTARIA VALDIN\u00caS LIMA CHEFE DE GABINETE",
        "Numero": "003",
        "Exercicio": "2025"
    },
    {
        "Nome": "PORTARIA JESSICA FERREIRA CONTROLADORA GERAL",
        "Numero": "002",
        "Exercicio": "2025"
    },
    {
        "Nome": "PORTARIA DANIEL AMARANTE PROCURADOR GERAL",
        "Numero": "001",
        "Exercicio": "2025"
    },
    {
        "Nome": "PORTARIA DE EXONERA\u00c7\u00c3O LENY",
        "Numero": "320",
        "Exercicio": "2024"
    },
    {
        "Nome": "PORTARIA DE EXONERA\u00c7\u00c3O DO J\u00c3O DO GABINO",
        "Numero": "319",
        "Exercicio": "2024"
    },
    {
        "Nome": "PORTARIA DE DIRETOR DE ESCOLA ITAISSE",
        "Numero": "317",
        "Exercicio": "2024"
    },
    {
        "Nome": "PORTARIA DE DIRETOR DE ESCOLA N\u00daBIA ALTINO",
        "Numero": "316",
        "Exercicio": "2024"
    },
    {
        "Nome": "PORTARIA DE DIRETOR DE ESCOLA FRANCISCA VALDIRA",
        "Numero": "315",
        "Exercicio": "2024"
    },
    {
        "Nome": "PORTARIA DE DIRETOR DE ESCOLA ANA CRISTINA",
        "Numero": "314",
        "Exercicio": "2024"
    },
    {
        "Nome": "PORTARIA DE DIRETOR DE ESCOLA CARLOS ALGUSTO",
        "Numero": "313",
        "Exercicio": "2024"
    },
    {
        "Nome": "PORTARIA DE DIRETORA DE ESCOLA EVALDINA",
        "Numero": "312",
        "Exercicio": "2024"
    },
    {
        "Nome": "PORTARIA DE EXONERA\u00c7\u00c3O DE LUCAS SAMARONE",
        "Numero": "311",
        "Exercicio": "2024"
    },
    {
        "Nome": "PORTARIA DE RECESSO FIM DE ANO SEMUS",
        "Numero": "003",
        "Exercicio": "2024"
    },
    {
        "Nome": "PORTARIA DE EXONERA\u00c7\u00c3O DE DANIEL MONTEIRO",
        "Numero": "310",
        "Exercicio": "2024"
    },
    {
        "Nome": "PORTARIA DE EXONERA\u00c7\u00c3O JOS\u00c9 EDILSON",
        "Numero": "309",
        "Exercicio": "2024"
    },
    {
        "Nome": "PORTARIA DE EXONERA\u00c7\u00c3O DE ISABELA FERNANDA",
        "Numero": "308",
        "Exercicio": "2024"
    },
    {
        "Nome": "PORTARIA RECESSO FINAL DE ANO SEMUS",
        "Numero": "002",
        "Exercicio": "2024"
    },
    {
        "Nome": "PORTARIA SEMED LISTA DE CANDIDATOS APROVADOS A DIRETOR ESCOLAR",
        "Numero": "10",
        "Exercicio": "2024"
    },
    {
        "Nome": "PORTARIA SEMED - CANDIDATOS PRE SELECIONADOS, ELEI\u00c7\u00c3O",
        "Numero": "009",
        "Exercicio": "2024"
    },
    {
        "Nome": "PORTARIA COM LISTA DE CANDIDATOS A DIRETOR DE ESCOLA",
        "Numero": "007",
        "Exercicio": "2024"
    },
    {
        "Nome": "PORTARIA DE EXONERA\u00c7\u00c3O DE DARCYO",
        "Numero": "306",
        "Exercicio": "2024"
    },
    {
        "Nome": "PORTARIA DE NOMEA\u00c7\u00c3O JO\u00c3O DO GABINO",
        "Numero": "305",
        "Exercicio": "2024"
    },
    {
        "Nome": "PORTARIA COMISS\u00c3O ELEITORAL DIRETORES DE ESCOLAS",
        "Numero": "304",
        "Exercicio": "2024"
    },
    {
        "Nome": "CONSELHO FUNDEB",
        "Numero": "303",
        "Exercicio": "2024"
    },
    {
        "Nome": "F\u00c9RIAS LENY VASCONCELOS",
        "Numero": "302",
        "Exercicio": "2024"
    },
    {
        "Nome": "F\u00c9RIAS DANIEL AMARANTE",
        "Numero": "301",
        "Exercicio": "2024"
    },
    {
        "Nome": "PORTARIA DE AVALIA\u00c7\u00c3O DOS PROFISSIONAIS DA EDUCA\u00c7\u00c3O B\u00c1SICA",
        "Numero": "300",
        "Exercicio": "2024"
    },
    {
        "Nome": "NOMEA\u00c7\u00c3O LUIZ SABINO ADM",
        "Numero": "299",
        "Exercicio": "2024"
    },
    {
        "Nome": "EXONERA\u00c7\u00c3O LAMARTINE SECRET\u00c1RIO ADM",
        "Numero": "298",
        "Exercicio": "2024"
    },
    {
        "Nome": "NOMEA\u00c7\u00c3O NECILIA SECRET\u00c1RIA ADJUNTA DE CULTURA",
        "Numero": "297",
        "Exercicio": "2024"
    },
    {
        "Nome": "CASSA\u00c7\u00c3O DA LICEN\u00c7A SEM REMUNERA\u00c7\u00c3O DA NECILIA",
        "Numero": "296",
        "Exercicio": "2024"
    },
    {
        "Nome": "LICEN\u00c7A PR\u00caMIO EDVAN ARA\u00daJO",
        "Numero": "295",
        "Exercicio": "2024"
    },
    {
        "Nome": "LICEN\u00c7A PR\u00caMIO ANA CHAVES",
        "Numero": "294",
        "Exercicio": "2024"
    },
    {
        "Nome": "LICEN\u00c7A PR\u00caMIO LUCIANE GUEDES",
        "Numero": "293",
        "Exercicio": "2024"
    },
    {
        "Nome": "NOMEA\u00c7\u00c3O LAMARTINE ADMINISTRA\u00c7\u00c3O",
        "Numero": "292",
        "Exercicio": "2024"
    },
    {
        "Nome": "LICEN\u00c7A SEM VENCIMENTOS NECILIA MELO RAMOS",
        "Numero": "291",
        "Exercicio": "2024"
    },
    {
        "Nome": "EXONERA\u00c7\u00c3O NECILIA MELO",
        "Numero": "290",
        "Exercicio": "2024"
    },
    {
        "Nome": "EXONERA\u00c7\u00c3O LUIS SABINO",
        "Numero": "289",
        "Exercicio": "2024"
    },
    {
        "Nome": "PORTARIA DE LICEN\u00c7A PR\u00caMIO EVERALDO MIRANDA",
        "Numero": "288",
        "Exercicio": "2024"
    },
    {
        "Nome": "CME - CONSELHO MUNICIPAL DE EDUCA\u00c7\u00c3O",
        "Numero": "287",
        "Exercicio": "2024"
    },
    {
        "Nome": "AFASTAMENTO DA ACS MARIA DO REM\u00c9DIO",
        "Numero": "286",
        "Exercicio": "2024"
    },
    {
        "Nome": "AFASTAMENTO DESINCOMPATIBILIZA\u00c7\u00c3O SILVANI",
        "Numero": "285",
        "Exercicio": "2024"
    },
    {
        "Nome": "AFASTAMENTO DESINCOMPADIBILIZA\u00c7\u00c3O ANTONIO SANTO BUCHO",
        "Numero": "284",
        "Exercicio": "2024"
    },
    {
        "Nome": "AFASTAMENTO DESINCOMPATIBILIZA\u00c7\u00c3O LINO",
        "Numero": "283",
        "Exercicio": "2024"
    },
    {
        "Nome": "EXONERA\u00c7\u00c3O MARCELO BELFORT",
        "Numero": "282",
        "Exercicio": "2024"
    },
    {
        "Nome": "EXONERA\u00c7\u00c3O PEDRO SILVINO",
        "Numero": "281",
        "Exercicio": "2024"
    },
    {
        "Nome": "AFASTAMENTO DESINCOMPADIBILIZA\u00c7\u00c3O LUIS MEDRADE",
        "Numero": "280",
        "Exercicio": "2024"
    },
    {
        "Nome": "LICENCIAMENTO E ALVAR\u00c1S DE TAXI",
        "Numero": "279",
        "Exercicio": "2024"
    },
    {
        "Nome": "PORTARIA DE REGULARIZA\u00c7\u00c3O FUNDI\u00c1RIA URBANA",
        "Numero": "278",
        "Exercicio": "2024"
    },
    {
        "Nome": "NOMEA\u00c7\u00c3O WANDERSON ASSESSOR T\u00c9CNICO",
        "Numero": "277",
        "Exercicio": "2024"
    },
    {
        "Nome": "LICEN\u00c7A PR\u00caMIO REGINALVA MOTA",
        "Numero": "276",
        "Exercicio": "2024"
    },
    {
        "Nome": "LICEN\u00c7A PR\u00caMIO FRANCISCO DE ASSIS",
        "Numero": "275",
        "Exercicio": "2024"
    },
    {
        "Nome": "LICEN\u00c7A PR\u00caMIO GECINILDE",
        "Numero": "274",
        "Exercicio": "2024"
    },
    {
        "Nome": "LICEN\u00c7A PR\u00caMIO GEANE MIRANDA",
        "Numero": "273",
        "Exercicio": "2024"
    },
    {
        "Nome": "EXONERA\u00c7\u00c3O SEBASTI\u00c3O ANTONIO",
        "Numero": "272",
        "Exercicio": "2024"
    },
    {
        "Nome": "EXONERA\u00c7\u00c3O JO\u00c3O DO GABINO",
        "Numero": "271",
        "Exercicio": "2024"
    },
    {
        "Nome": "NOMEA\u00c7\u00c3O LUCIVALDO COORDENADOR DO BUSCA ATIVA",
        "Numero": "269.A",
        "Exercicio": "2024"
    },
    {
        "Nome": "NOMEA\u00c7\u00c3O DARCYO ANTONIO PANTOJA VIANA",
        "Numero": "270",
        "Exercicio": "2024"
    },
    {
        "Nome": "DEMISS\u00c3O LUCYANA SOUSA",
        "Numero": "269",
        "Exercicio": "2024"
    },
    {
        "Nome": "NOMEA\u00c7\u00c3O ANNA VICT\u00d3RIA ASSESSORA JUR\u00cdDICA",
        "Numero": "268",
        "Exercicio": "2024"
    },
    {
        "Nome": "ARIANNY DIRETORA DO HOSPITAL",
        "Numero": "267",
        "Exercicio": "2024"
    },
    {
        "Nome": "LICEN\u00c7A PR\u00caMIO ERI LIMA",
        "Numero": "266",
        "Exercicio": "2024"
    },
    {
        "Nome": "LICEN\u00c7A PR\u00caMIO ANAPAIVA MORAIS",
        "Numero": "265",
        "Exercicio": "2024"
    },
    {
        "Nome": "LICEN\u00c7A PR\u00caMIO JOS\u00c9 ALGUSTO MENDES",
        "Numero": "264",
        "Exercicio": "2024"
    },
    {
        "Nome": "LICEN\u00c7A PR\u00caMIO RAIMUNDO \u00c2NGELO",
        "Numero": "263",
        "Exercicio": "2024"
    },
    {
        "Nome": "NOMEA\u00c7\u00c3O DE LUCAS SAMARONE",
        "Numero": "262",
        "Exercicio": "2024"
    },
    {
        "Nome": "PORTARIA DE CESS\u00c3O DA SERVIDORA LUZIA VANES",
        "Numero": "261",
        "Exercicio": "2024"
    },
    {
        "Nome": "NOMEIA MEMBROS DA CPL - AGENTE DE CONTRATA\u00c7\u00c3O",
        "Numero": "260",
        "Exercicio": "2024"
    },
    {
        "Nome": "PORTARIA CONSELHO TUTELAR",
        "Numero": "001",
        "Exercicio": "2024"
    },
    {
        "Nome": "EXONERA\u00c7\u00c3O DE LUCAS SAMARONE",
        "Numero": "259",
        "Exercicio": "2023"
    },
    {
        "Nome": "PORTARIA N\u00ba 258 MICROPLANEJAMENTO DE VACINA\u00c7\u00c3O",
        "Numero": "258",
        "Exercicio": "2023"
    },
    {
        "Nome": "PORTARIA N\u00ba 257 - PROGRAMA MAIS INTEGRAL",
        "Numero": "257",
        "Exercicio": "2023"
    },
    {
        "Nome": "PORTARIA N\u00ba 256 PROGRAMA MAIS INTEGRAL",
        "Numero": "256",
        "Exercicio": "2023"
    },
    {
        "Nome": "PORTARIA N\u00ba 255 INSTITUI COMISS\u00c3O PROCESSANTA",
        "Numero": "255",
        "Exercicio": "2023"
    },
    {
        "Nome": "PORTARIA N\u00ba 254\/2023 \u2013 GAB. MEYRILENE RODRIGUES LICEN\u00c7A SEM VENCIMENTOS",
        "Numero": "254",
        "Exercicio": "2023"
    },
    {
        "Nome": "PORTARIA N\u00ba 253 -  GAB.  LICEN\u00c7A MARIA APARECIDA PARA ACOMPANHAR TRATAMENTO",
        "Numero": "253",
        "Exercicio": "2023"
    },
    {
        "Nome": "PORTARIA N\u00ba 252 - GAB - CMDCA 2023 \/ 2025",
        "Numero": "252",
        "Exercicio": "2023"
    },
    {
        "Nome": "PORTARIA N\u00ba 251 CMAS CONSELHO DE ASSIST\u00caNCIA SOCIAL",
        "Numero": "251",
        "Exercicio": "2023"
    },
    {
        "Nome": "PORTARIA N\u00ba250 - LICEN\u00c7A PARA ACOMPANHAR TRATAMENTO",
        "Numero": "250",
        "Exercicio": "2023"
    },
    {
        "Nome": "PORTARIA N\u00ba249 LICEN\u00c7A SEM VENCIMENTOS TARSIS",
        "Numero": "249",
        "Exercicio": "2023"
    },
    {
        "Nome": "PORTARIA N\u00ba248 NOMEA\u00c7\u00c3O RAISA",
        "Numero": "248",
        "Exercicio": "2023"
    },
    {
        "Nome": "PORTARIA N\u00ba247 EXONERA\u00c7\u00c3O RAISA",
        "Numero": "247",
        "Exercicio": "2023"
    },
    {
        "Nome": "PORTARIA N\u00ba 246\/2023 \u2013 GAB LICEN\u00c7A PR\u00caMIO CRISTIANE RODRIGUES",
        "Numero": "246",
        "Exercicio": "2023"
    },
    {
        "Nome": "PORTARIA N\u00ba 245\/2023 \u2013 GAB LICEN\u00c7A PR\u00caMIO IN\u00caS OZELANE",
        "Numero": "245",
        "Exercicio": "2023"
    },
    {
        "Nome": "PORTARIA N\u00ba 244\/2023 \u2013 GAB  LICEN\u00c7A PR\u00caMIO WENDREN MARQUES",
        "Numero": "244",
        "Exercicio": "2023"
    },
    {
        "Nome": "PORTARIA N\u00ba 243\/2023 \u2013 GAB LICEN\u00c7A PR\u00caMIO MAIANE",
        "Numero": "243",
        "Exercicio": "2023"
    },
    {
        "Nome": "PORTARIA N\u00ba 242\/2023 AGENTE DE CONTRATA\u00c7\u00c3O, NOVA - CPL",
        "Numero": "242",
        "Exercicio": "2023"
    },
    {
        "Nome": "PORTARIA MARIA GILSA - TECNICA DE ENFERMAGEM",
        "Numero": "241",
        "Exercicio": "2023"
    },
    {
        "Nome": "PORTARIA N\u00ba 239-2023 - NOEMA\u00c7\u00c3O - INALDO GOMES - Selo Unicef",
        "Numero": "239",
        "Exercicio": "2023"
    },
    {
        "Nome": "PORTARIA N\u00ba 238-2023 - EXONERA\u00c7\u00c3O - Valdira - Selo Unicef",
        "Numero": "238",
        "Exercicio": "2023"
    },
    {
        "Nome": "PORTARIA N\u00ba 208-A-2023 - NOMEA\u00c7\u00c3O HELIA MARIA",
        "Numero": "208-A",
        "Exercicio": "2023"
    },
    {
        "Nome": "PORTARIA N\u00ba 237-2023- Licen\u00e7a Pr\u00eamio - Francisco de Assis",
        "Numero": "237",
        "Exercicio": "2023"
    },
    {
        "Nome": "PORTARIA N\u00ba 236-2023- Licen\u00e7a Pr\u00eamio - Vicenne Melo",
        "Numero": "236",
        "Exercicio": "2023"
    },
    {
        "Nome": "PORTARIA N\u00ba 235-2023- Licen\u00e7a Pr\u00eamio - M\u00aa On\u00f3ria",
        "Numero": "235",
        "Exercicio": "2023"
    },
    {
        "Nome": "PORTARIA N\u00ba 234-2023- Licen\u00e7a Pr\u00eamio - Ivan de Morais",
        "Numero": "234",
        "Exercicio": "2023"
    },
    {
        "Nome": "PORTARIA N\u00ba 233-2023- Licen\u00e7a Sem Vencimentos - M\u00aa APARECIDA RODRIGUES",
        "Numero": "233",
        "Exercicio": "2023"
    },
    {
        "Nome": "PORTARIA N\u00ba 232-2023 - NOEMA\u00c7\u00c3O - FRANCISCA JACILENE",
        "Numero": "232",
        "Exercicio": "2023"
    },
    {
        "Nome": "PORTARIA N\u00ba 231-2023 - NOEMA\u00c7\u00c3O - INALDO GOMES",
        "Numero": "231",
        "Exercicio": "2023"
    },
    {
        "Nome": "PORTARIA N\u00ba 230-2023 - NOEMA\u00c7\u00c3O - GIZELE MONTEIRO",
        "Numero": "230",
        "Exercicio": "2023"
    },
    {
        "Nome": "PORTARIA N\u00ba 229-2023 - NOEMA\u00c7\u00c3O - PAULO CESAR GON\u00c7ALVES",
        "Numero": "229",
        "Exercicio": "2023"
    },
    {
        "Nome": "PORTARIA N\u00ba 228-2023 - CESS\u00c3O DE SERVIDOR - ARINALDO MARINHO",
        "Numero": "228",
        "Exercicio": "2023"
    },
    {
        "Nome": "PORTARIA N\u00ba 227-2023- CMDCA - ALTERA\u00c7\u00c3O DE MENBRO",
        "Numero": "227",
        "Exercicio": "2023"
    },
    {
        "Nome": "PORTARIA N\u00ba 226-2023- Licen\u00e7a Sem Vencimentos - Adalmir Pereira",
        "Numero": "226",
        "Exercicio": "2023"
    },
    {
        "Nome": "PORTARIA N\u00ba 225-2023 - NOEMA\u00c7\u00c3O - CARLOS AUGUSTO",
        "Numero": "225",
        "Exercicio": "2023"
    },
    {
        "Nome": "PORTARIA N\u00ba 224-2023 - EXONERA\u00c7\u00c3O - SILVANI SANTOS",
        "Numero": "224",
        "Exercicio": "2023"
    },
    {
        "Nome": "PORTARIA N\u00c2\u00ba 223-2023 - EXONERA\u00c3\u2021\u00c3\u0192O - FRANCISCA JACILENE",
        "Numero": "223",
        "Exercicio": "2023"
    },
    {
        "Nome": "PORTARIA N\u00ba 222-2023 - EXONERA\u00c7\u00c3O - MARIA ON\u00d3RIA",
        "Numero": "222",
        "Exercicio": "2023"
    },
    {
        "Nome": "PORTARIA N\u00ba 221-2023 - EXONERA\u00c7\u00c3O - MARLANE DIVINO",
        "Numero": "221",
        "Exercicio": "2023"
    },
    {
        "Nome": "PORTARIA N\u00ba 220-2023 - NOMEA\u00c7\u00c3O- DURVALINA FERRAZ M. NETA",
        "Numero": "220",
        "Exercicio": "2023"
    },
    {
        "Nome": "PORTARIA N\u00ba 219-2023 - EXONERA\u00c7\u00c3O - DURVALINA FERRAZ M. NETA",
        "Numero": "219",
        "Exercicio": "2023"
    },
    {
        "Nome": "PORTARIA N\u00c2\u00ba 218-2023- LICEN\u00c3\u2021A PR\u00c3\u0160MIO - MARIA DO SOCORRO",
        "Numero": "218",
        "Exercicio": "2023"
    },
    {
        "Nome": "PORTARIA N\u00ba 217-2023- LICEN\u00c7A PR\u00caMIO - MARIA DA LUZ SILVA",
        "Numero": "217",
        "Exercicio": "2023"
    },
    {
        "Nome": "PORTARIA N\u00ba 216-2023- LICEN\u00c7A PR\u00caMIO - BETANHA RODRIGUES DA SILVA",
        "Numero": "216",
        "Exercicio": "2023"
    },
    {
        "Nome": "PORTARIA N\u00ba 215-2023- LICEN\u00c7A PR\u00caMIO - ANT\u00d4NIA MIRANDA DA SILVA",
        "Numero": "215",
        "Exercicio": "2023"
    },
    {
        "Nome": "PORTARIA N\u00ba 214\/2023 - GAB NOMEA\u00c7\u00c3O - DANIEL MONTEIRO",
        "Numero": "214",
        "Exercicio": "2023"
    },
    {
        "Nome": "PORTARIA N\u00ba 211-2023 - EXONERA\u00c7\u00c3O - DAMI\u00c3O MIRANDA",
        "Numero": "211",
        "Exercicio": "2023"
    },
    {
        "Nome": "PORTARIA N\u00ba 213-2023 - PREGOEIRO CPL",
        "Numero": "213",
        "Exercicio": "2023"
    },
    {
        "Nome": "PORTARIA N\u00ba 210-2023 - EXONERA\u00c7\u00c3O - JAGSON DA SILVA",
        "Numero": "210",
        "Exercicio": "2023"
    },
    {
        "Nome": "PORTARIA N\u00ba 209-2023 - COMISS\u00c3O PERMANENTE DE LICITA\u00c7\u00c3O",
        "Numero": "209",
        "Exercicio": "2023"
    },
    {
        "Nome": "PORTARIA N\u00ba 212\/2023 - GAB - NOMEA\u00c7\u00c3O CACS\/FUNDEB",
        "Numero": "212",
        "Exercicio": "2023"
    },
    {
        "Nome": "PORTARIA N\u00ba 205-2023- COORDENADOR EURIVAL GOMES- AURIC\u00c9LIA NEVES",
        "Numero": "205",
        "Exercicio": "2023"
    },
    {
        "Nome": "PORTARIA N\u00ba 204-2023- COORDENADOR RAIMUNDO DE MORAES- VANUSA ALTINO",
        "Numero": "204",
        "Exercicio": "2023"
    },
    {
        "Nome": "PORTARIA N\u00ba 203-2023- COORDENADOR WANDERLY FERRAZ- FRANCISCO",
        "Numero": "203",
        "Exercicio": "2023"
    },
    {
        "Nome": "PORTARIA N\u00ba 202-2023- COORDENADOR LA ROCQUE- THAYONARA",
        "Numero": "202",
        "Exercicio": "2023"
    },
    {
        "Nome": "PORTARIA N\u00ba 201-2023 - COORDENADOR LA ROCQUE - ERI LIMA",
        "Numero": "201",
        "Exercicio": "2023"
    },
    {
        "Nome": "PORTARIA N\u00ba 200-2023- COORDENADOR MARIA DAS DORES- CEC\u00cdLIO DA SILVA",
        "Numero": "200",
        "Exercicio": "2023"
    },
    {
        "Nome": "PORTARIA N\u00c2\u00ba 199-2023 - COORDENADORA CEC\u00c3\u008dLIA - GILMARA",
        "Numero": "199",
        "Exercicio": "2023"
    },
    {
        "Nome": "PORTARIA N\u00ba 198-2023- COORDENADORA ZONA RURAL- LEIDE ALMEIDA",
        "Numero": "198",
        "Exercicio": "2023"
    },
    {
        "Nome": "PORTARIA N\u00ba 197-2023- COORDENADORA CAEI- IRAMAR DA COSTA",
        "Numero": "197",
        "Exercicio": "2023"
    },
    {
        "Nome": "PORTARIA N\u00ba 208-2023 - NOMEA\u00c7\u00c3O - HELIA MARIA",
        "Numero": "208",
        "Exercicio": "2023"
    },
    {
        "Nome": "PORTARIA N\u00ba 207-2023 - EXONERA\u00c7\u00c3O - EDUARDO JORGE",
        "Numero": "207",
        "Exercicio": "2023"
    },
    {
        "Nome": "PORTARIA CONJUNTA N\u00ba 002\/2022 - ERRATA",
        "Numero": "002",
        "Exercicio": "2022"
    },
    {
        "Nome": "PORTARIA N\u00ba 190-2022 - Prorroga\u00e7\u00e3o de Licen\u00e7a por Motivo de Doen\u00e7a - Evaldo Fernando Concei\u00e7\u00e3o",
        "Numero": "190",
        "Exercicio": "2022"
    },
    {
        "Nome": "PORTARIA N\u00ba 189-2022 - Licen\u00e7a Pr\u00eamio - Maria das Dores Ribeiro Caldas",
        "Numero": "189",
        "Exercicio": "2022"
    },
    {
        "Nome": "PORTARIA N\u00ba 187-2022 - EXONERA\u00c7\u00c3O JO\u00c3O GOMES",
        "Numero": "187",
        "Exercicio": "2022"
    },
    {
        "Nome": "PORTARIA N\u00ba 186-2022 - GAB Licen\u00e7a Pr\u00eamio - Marcia Juscelina da Costa e Silva",
        "Numero": "186",
        "Exercicio": "2022"
    },
    {
        "Nome": "PORTARIA N\u00ba 185-2022 - GAB Licen\u00e7a Pr\u00eamio - Mariazinha Lucena Duarte",
        "Numero": "185",
        "Exercicio": "2022"
    },
    {
        "Nome": "PORTARIA N\u00ba 184-2022 - GAB Licen\u00e7a Pr\u00eamio - Iramar da Costa Silva",
        "Numero": "184",
        "Exercicio": "2022"
    },
    {
        "Nome": "PORTARIA N\u00ba 183-2022 - GAB - Licen\u00e7a Pr\u00eamio - Silvani Santos Barbosa",
        "Numero": "183",
        "Exercicio": "2022"
    },
    {
        "Nome": "PORTARIA N\u00ba 182- GAB - NOMEA\u00c7\u00c3O - SEBASTI\u00c3O ANT\u00d4NIO",
        "Numero": "182",
        "Exercicio": "2022"
    },
    {
        "Nome": "PORTARIA N\u00ba 181- GAB - EXONERA\u00c7\u00c3O - SEBASTI\u00c3O ANT\u00d4NIO",
        "Numero": "181",
        "Exercicio": "2022"
    },
    {
        "Nome": "PORTARIA N\u00ba 180-2022 - GAB Licen\u00e7a Pr\u00eamio - Kellia Kristina",
        "Numero": "180",
        "Exercicio": "2022"
    },
    {
        "Nome": "PORTARIA N\u00ba 179-2022 - GAB Licen\u00e7a Pr\u00eamio - Ivoneide Feitosa",
        "Numero": "179",
        "Exercicio": "2022"
    },
    {
        "Nome": "Portaria N\u00ba 177\/2022 - GAB - Licen\u00e7a Pr\u00eamio - L\u00e1zaro Guedes",
        "Numero": "177",
        "Exercicio": "2022"
    },
    {
        "Nome": "Portaria N\u00ba 176\/2022 \u2013 GAB - Licen\u00e7a Pr\u00eamio - Ant\u00f4nio Cunha",
        "Numero": "176",
        "Exercicio": "2022"
    },
    {
        "Nome": "Portaria N\u00ba 175\/2022-GAB Exonera\u00e7\u00e3o - Erica Sousa Flor\u00eancio",
        "Numero": "175",
        "Exercicio": "2022"
    },
    {
        "Nome": "PORTARIA N\u00ba 174 - GAB - ADRIANA NOMEA\u00c7\u00c3O ANEXO CRAS",
        "Numero": "174",
        "Exercicio": "2022"
    },
    {
        "Nome": "PORTARIA N\u00ba 173 - GAB NOMEA\u00c7\u00c3O MARIA DOS REIS CREAS",
        "Numero": "173",
        "Exercicio": "2022"
    },
    {
        "Nome": "PORTARIA N\u00ba 172 - GAB NOMEA\u00c7\u00c3O TEREZINHA CRAS",
        "Numero": "172",
        "Exercicio": "2022"
    },
    {
        "Nome": "PORTARIA N\u00b0171 NOMEACAO BARTOLOMEO",
        "Numero": "171",
        "Exercicio": "2022"
    },
    {
        "Nome": "PORTARIA N\u00b0169\/2022 - EXONERACAO KLELSON",
        "Numero": "169",
        "Exercicio": "2022"
    },
    {
        "Nome": "PORTARIA N\u00b0170\/2022 NOMEACAO KLELSON",
        "Numero": "170",
        "Exercicio": "2022"
    },
    {
        "Nome": "PORTARIA N\u00b0168\/2022 - CME 2022 a 2025",
        "Numero": "168",
        "Exercicio": "2022"
    },
    {
        "Nome": "PORTARIA N\u00b0167\/2022 - Daniel Monteiro (Nomea\u00e7\u00e3o)",
        "Numero": "167",
        "Exercicio": "2022"
    },
    {
        "Nome": "PORTARIA N\u00b0166\/2022 - Licen\u00e7a Preimio Luciene",
        "Numero": "166",
        "Exercicio": "2022"
    },
    {
        "Nome": "PORTARIA N\u00b0165\/2022 - Licen\u00e7a Premio Mariana",
        "Numero": "165",
        "Exercicio": "2022"
    },
    {
        "Nome": "PORTARIA N\u00b0164\/2022 - Monica da Silva oliveira (Noema\u00e7ao)",
        "Numero": "164",
        "Exercicio": "2022"
    },
    {
        "Nome": "PORTARIA N\u00b0 163\/2022 - MONICA DA SILVA OLIVEIRA",
        "Numero": "163",
        "Exercicio": "2022"
    },
    {
        "Nome": "PORTARIA N\u00b0 162\/2022 - LUIS CARLOS GOMES DA SILVA JUNIOR (EXONERA\u00c7AO)",
        "Numero": "162",
        "Exercicio": "2022"
    },
    {
        "Nome": "PORTARIA N\u00ba 161\/2022 \u2013 GAB - Lauane Andrade Oliveira (chefe de Divis\u00e3o)",
        "Numero": "161",
        "Exercicio": "2022"
    },
    {
        "Nome": "PORTARIA N\u00ba 160\/2022 \u2013 GAB. Marcelo de Souza Belfort (Chefe de Divis\u00e3o)",
        "Numero": "160",
        "Exercicio": "2022"
    },
    {
        "Nome": "PORTARIA N\u00ba 159\/2022 - Vit\u00f3ria da Silva Pinheiro e Ant\u00f4nio de P\u00e1dua do Nascimento Silva",
        "Numero": "159",
        "Exercicio": "2022"
    },
    {
        "Nome": "PORTARIA N\u00ba 158\/2022 - nomea\u00e7\u00e3o das comiss\u00f5es para organiza\u00e7\u00e3o da Confer\u00eancia Municipal de Educa\u00e7\u00e3o",
        "Numero": "158",
        "Exercicio": "2022"
    },
    {
        "Nome": "PORTARIA N\u00ba 157\/2022 - Nomea\u00e7\u00e3o dos Novos Membros do Conselho Municipal de Sa\u00fade",
        "Numero": "157",
        "Exercicio": "2022"
    },
    {
        "Nome": "PORTARIA N\u00b0 156\/2022 - AURICELIA NEVES BARROSO (COORDENADORA)",
        "Numero": "156",
        "Exercicio": "2022"
    },
    {
        "Nome": "PORTARIA N\u00b0 154\/2022- FRANCISCO MARQUES TORRES (CORDENADOR)",
        "Numero": "154",
        "Exercicio": "2022"
    },
    {
        "Nome": "PORTARIA N\u00b0 153\/2022- FRANCISCO MARQUES TORRES (EXONERA\u00c7AO)",
        "Numero": "153",
        "Exercicio": "2022"
    },
    {
        "Nome": "PORTARIA N\u00b0 152\/2022- JOSE EDILSON",
        "Numero": "152",
        "Exercicio": "2022"
    },
    {
        "Nome": "PORTARIA N\u00b0 151\/2022 - PEDRO SILVINO",
        "Numero": "151",
        "Exercicio": "2022"
    },
    {
        "Nome": "PORTARIA N\u00ba 150\/2022 - FRANCISCA J. S. CONCEI\u00c7\u00c3O (COORDENADORA)",
        "Numero": "150",
        "Exercicio": "2022"
    },
    {
        "Nome": "PORTARIA N\u00ba 149\/2022 \u2013 IRAMAR DA COSTA SILVA (COORDENADORA)",
        "Numero": "149",
        "Exercicio": "2022"
    },
    {
        "Nome": "PORTARIA N\u00b0 148\/2022 - LENY DA SILVA VASCONCELOS",
        "Numero": "148",
        "Exercicio": "2022"
    },
    {
        "Nome": "PORTARIA N\u00b0 147\/2022 - DANIEL SOUSA AMARANTE",
        "Numero": "147",
        "Exercicio": "2022"
    },
    {
        "Nome": "PORTARIA N\u00b0146\/2022 - LENY DA SILVA VASCONCELOS (EXONERA\u00c7AO)",
        "Numero": "146",
        "Exercicio": "2022"
    },
    {
        "Nome": "PORTARIA N\u00b0 138\/2022 - FRANCISCA VALDIRA (NOMEA\u00c7AO)",
        "Numero": "138",
        "Exercicio": "2022"
    },
    {
        "Nome": "PORTARIA N\u00b0 135\/2022 - IRAMAR DA COSTA SILVA (EXONERA\u00c7AO)",
        "Numero": "135",
        "Exercicio": "2022"
    },
    {
        "Nome": "PORTARIA N\u00b0 132\/2022 - FRANCISCA VALDIRA (EXONERA\u00c7AO)",
        "Numero": "132",
        "Exercicio": "2022"
    },
    {
        "Nome": "PORTARIA N\u00ba 133\/2022 \u2013  FRANCISCO DE ASSIS O. DA SILVA (EXONERA\u00c7\u00c3O)",
        "Numero": "133",
        "Exercicio": "2022"
    },
    {
        "Nome": "PORTARIA N\u00ba 145\/2022 -MARLANE DIVINO (NOEMA\u00c7AO)",
        "Numero": "145",
        "Exercicio": "2022"
    },
    {
        "Nome": "PORTARIA N\u00ba 144\/2022 - MARIA DAS MERCES (NOMEA\u00c7AO)",
        "Numero": "144",
        "Exercicio": "2022"
    },
    {
        "Nome": "PORTARIA N\u00ba 143\/2022 -JULIANA REIS (NOEMA\u00c7AO)",
        "Numero": "143",
        "Exercicio": "2022"
    },
    {
        "Nome": "PORTARIA N\u00ba 142\/2022 - COMISS\u00c3O PERMANENTE DE LICITA\u00c7\u00c3O",
        "Numero": "142",
        "Exercicio": "2022"
    },
    {
        "Nome": "PORTARIA N\u00ba 141\/2022 - NOMEA\u00c7AO DE PREGOEIRO E EQUIPE",
        "Numero": "141",
        "Exercicio": "2022"
    },
    {
        "Nome": "PORTARIA N\u00ba 139\/2022 - GILMARA BANDEIRA ROCHA (NOMEA\u00c7AO)",
        "Numero": "139",
        "Exercicio": "2022"
    },
    {
        "Nome": "PORTARIA N\u00ba 137\/2022 - CARLOS AUGUSTO (NOMEA\u00c7AO)",
        "Numero": "137",
        "Exercicio": "2022"
    },
    {
        "Nome": "PORTARIA N\u00ba 136\/2022 - KHAREN JORGE (Exonera\u00e7\u00e3o)",
        "Numero": "136",
        "Exercicio": "2022"
    },
    {
        "Nome": "PORTARIA N\u00ba 134\/2022 - GILMARA BANDEIRA (Exonera\u00e7\u00e3o)",
        "Numero": "134",
        "Exercicio": "2022"
    },
    {
        "Nome": "PORTARIA N\u00ba 131\/2022 - CARLOS AUGUSTO (EXONERA\u00c7AO)",
        "Numero": "131",
        "Exercicio": "2022"
    },
    {
        "Nome": "PORTARIA N\u00ba 130\/2022 - MARCIA JUSCELINA  DA C. E SILVA (EXONERA\u00c7AO)",
        "Numero": "130",
        "Exercicio": "2022"
    },
    {
        "Nome": "PORTARIA N\u00b0140\/2022 - Nomea\u00e7\u00e3o Das Comiss\u00f5es Para Organiza\u00e7\u00e3o Da Confer\u00eancia Municipal De Educa\u00e7\u00e3o",
        "Numero": "140",
        "Exercicio": "2022"
    },
    {
        "Nome": "PORTARIA N\u00b0 129\/2021 - Lucyana de Sousa (Auxiliar de Servi\u00e7os Gerais)",
        "Numero": "129",
        "Exercicio": "2021"
    },
    {
        "Nome": "PORTARIA N\u00b0 128\/2021 - Leonardo Alves Pereira (Exonera\u00e7\u00e3o)",
        "Numero": "128",
        "Exercicio": "2021"
    },
    {
        "Nome": "PORTARIA N\u00b0 127\/2021 - Jose Edilson Costa Oliveira (Exonera\u00e7\u00e3o)",
        "Numero": "127",
        "Exercicio": "2021"
    },
    {
        "Nome": "PORTARIA N\u00b0 126\/2021 - Pedro Silvino Da Silva (Exonera\u00e7\u00e3o)",
        "Numero": "126",
        "Exercicio": "2021"
    },
    {
        "Nome": "PORTARIA N\u00b0 125\/2021 - Jos\u00e9 Augusto (Exonera\u00e7\u00e3o)",
        "Numero": "125",
        "Exercicio": "2021"
    },
    {
        "Nome": "PORTARIA N\u00b0 124\/2021 - Nomea\u00e7\u00e3o dos Membros do Conselho do CAE",
        "Numero": "124",
        "Exercicio": "2021"
    },
    {
        "Nome": "PORTARIA N\u00b0 123\/2021 - Auricelia Neves (Licen\u00e7a Premio)",
        "Numero": "123",
        "Exercicio": "2021"
    },
    {
        "Nome": "PORTARIA N\u00b0 122\/2021 - Itaisse M. do Nascimento (Ced\u00eancia de Servidor)",
        "Numero": "122",
        "Exercicio": "2021"
    },
    {
        "Nome": "PORTARIA N\u00b0 121\/2021 - Vilma Silva dos Santos (Exonera\u00e7ao)",
        "Numero": "121",
        "Exercicio": "2021"
    },
    {
        "Nome": "PORTARIA N\u00b0 118\/2021 - Iub F\u00e1vero (exonera\u00e7\u00e3o)",
        "Numero": "118",
        "Exercicio": "2021"
    },
    {
        "Nome": "PORTARIA N\u00b0 260\/2016 - J\u00falio Cesar",
        "Numero": "260",
        "Exercicio": "2016"
    },
    {
        "Nome": "PORTARIA N\u00b0 256\/2021 - Karine Sales",
        "Numero": "256",
        "Exercicio": "2016"
    },
    {
        "Nome": "PORTARIA N\u00b0 252\/2016 - Vitoria Pinheiro",
        "Numero": "252",
        "Exercicio": "2016"
    },
    {
        "Nome": "PORTARIA N\u00b0 251\/2021 - Vitoria Pinheiro",
        "Numero": "251",
        "Exercicio": "2016"
    },
    {
        "Nome": "PORTARIA N\u00b0117\/2021 - GAB Anaides Fernandes (Licen\u00e7a sem Remunera\u00e7\u00e3o)",
        "Numero": "117",
        "Exercicio": "2021"
    },
    {
        "Nome": "PORTARIA N\u00b0116\/2021 -  Nomea\u00e7ao dos Membros do Conselho Municipal dos Direitos da Crian\u00e7a e do Adolescente",
        "Numero": "116",
        "Exercicio": "2021"
    },
    {
        "Nome": "PORTARIA N\u00b0115\/2021 - Nomea\u00e7\u00e3o dos Membros do Conselho Municipal de Assist\u00eancia Social",
        "Numero": "115",
        "Exercicio": "2021"
    },
    {
        "Nome": "PORTARIA N\u00b0114\/2021 - Francisco Ferreira da Silva (Licen\u00e7a sem remunera\u00e7\u00e3o)",
        "Numero": "114",
        "Exercicio": "2021"
    },
    {
        "Nome": "PORTARIA N\u00b0113\/2021 - Itaisse Miranda (Exonera\u00e7\u00e3o)",
        "Numero": "113",
        "Exercicio": "2021"
    },
    {
        "Nome": "PORTARIA N\u00b0112\/2021 - Rozinha Rodrigues (Exonera\u00e7ao)",
        "Numero": "112",
        "Exercicio": "2021"
    },
    {
        "Nome": "PORTARIA N\u00b0111\/2021 - Kharen Jorge (Assessora Jur\u00eddica)",
        "Numero": "111",
        "Exercicio": "2021"
    },
    {
        "Nome": "PORTARIA N\u00b0110\/2021 - Francisco Lucas (exonera\u00e7\u00e3o)",
        "Numero": "110",
        "Exercicio": "2021"
    },
    {
        "Nome": "PORTARIA N\u00b0108\/2021 GAB - Ana Paiva Morais (Exonera\u00e7\u00e3o)",
        "Numero": "108",
        "Exercicio": "2021"
    },
    {
        "Nome": "PORTARIA N\u00b0107\/021 - Francisca Valdira (Coordenadora do Selo UNICEF)",
        "Numero": "107",
        "Exercicio": "2021"
    },
    {
        "Nome": "PORTARIA N\u00b0106\/2021 - Edivaldo Santos (Exonera\u00e7\u00e3o)",
        "Numero": "106",
        "Exercicio": "2021"
    },
    {
        "Nome": "PORTARIA N\u00b0105\/2021 - Brenda Gabriela (Exonera\u00e7\u00e3o)",
        "Numero": "105",
        "Exercicio": "2021"
    },
    {
        "Nome": "PORTARIA N\u00b0098\/2021 - Jorge Ant\u00f4nio (Exonera\u00e7\u00e3o)",
        "Numero": "098",
        "Exercicio": "2021"
    },
    {
        "Nome": "PORTARIA N\u00b0095\/2021- FUNDEB",
        "Numero": "095",
        "Exercicio": "2021"
    },
    {
        "Nome": "PORTARIA N\u00b0104\/2021 - Jos\u00e9 Edilson (Chefe de Divis\u00e3o de Pesca)",
        "Numero": "104",
        "Exercicio": "2021"
    },
    {
        "Nome": "PORTARIA N\u00b0103\/2021 -  Rael da Cruz Silva (Pregoeiro)",
        "Numero": "103",
        "Exercicio": "2021"
    },
    {
        "Nome": "PORTARIA N\u00b0102\/2021 - Iub Favero - Assistente Jur\u00eddico",
        "Numero": "102",
        "Exercicio": "2021"
    },
    {
        "Nome": "PORTARIA N\u00b0101\/2021 - Edivan Alves S. (Diretor de Departamento)",
        "Numero": "101",
        "Exercicio": "2021"
    },
    {
        "Nome": "PORTARIA N\u00b0100\/2021 - Monica da S. Oliveira (Fiscal de Contratos)",
        "Numero": "100",
        "Exercicio": "2021"
    },
    {
        "Nome": "PORTARIA N\u00b0099\/2021 - Bethania Rodrigues (Exonera\u00e7\u00e3o)",
        "Numero": "099",
        "Exercicio": "2021"
    },
    {
        "Nome": "PORTARIA N\u00b0096\/2021 - Gisele Sousa (Cargo de Coordenadora)",
        "Numero": "096",
        "Exercicio": "2021"
    },
    {
        "Nome": "PORTARIA N\u00b0097\/2021 - Maria de Fatima (Reintegra\u00e7\u00e3o)",
        "Numero": "097",
        "Exercicio": "2021"
    },
    {
        "Nome": "PORTARIA N\u00b0094\/2021 - Alcimar Lopes (Diretor de Departamento)",
        "Numero": "094",
        "Exercicio": "2021"
    },
    {
        "Nome": "PORTARIA N\u00b0093\/2021 - Osternio Ramos (Licen\u00e7a sem remunera\u00e7\u00e3o)",
        "Numero": "093",
        "Exercicio": "2021"
    },
    {
        "Nome": "PORTARIA N\u00b0092\/2021 - Inaldo Gomes (Exonera\u00e7\u00e3o)",
        "Numero": "092",
        "Exercicio": "2021"
    },
    {
        "Nome": "PORTARIA N\u00b0091\/2021 - Ivanilde Ribeiro (T\u00e9cnica de Enfermagem)",
        "Numero": "091",
        "Exercicio": "2021"
    },
    {
        "Nome": "PORTARIA N\u00b0090\/2021 - Jos\u00e9 Augusto (Divis\u00e3o de Administra\u00e7\u00e3o)",
        "Numero": "090",
        "Exercicio": "2021"
    },
    {
        "Nome": "PORTARIA N\u00b0089\/2021 - Luis Carlos Gomes J. (Controlador)",
        "Numero": "089",
        "Exercicio": "2021"
    },
    {
        "Nome": "PORTARIA N\u00b0088\/2021 - Cristiano Filomeno (Coordenador do PAA)",
        "Numero": "088",
        "Exercicio": "2021"
    },
    {
        "Nome": "PORTARIA N\u00b0087\/2021 - Rogerio Santos (Licen\u00e7a sem vencimentos)",
        "Numero": "087",
        "Exercicio": "2021"
    },
    {
        "Nome": "PORTARIA N\u00b0086\/2021 - Edvaldo dos Reis (Licen\u00e7a sem remunera\u00e7\u00e3o)",
        "Numero": "086",
        "Exercicio": "2021"
    },
    {
        "Nome": "PORTARIA N\u00b0085\/2021 - Henara Cristina (Exonera\u00e7\u00e3o)",
        "Numero": "085",
        "Exercicio": "2021"
    },
    {
        "Nome": "PORTARIA N\u00b0084\/2021 - Marcelo Rodrigues (Assessor de Comunica\u00e7\u00e3o)",
        "Numero": "084",
        "Exercicio": "2021"
    },
    {
        "Nome": "PORTARIA N\u00ba083\/2021 - Pedro Silvino (Chefe de Divis\u00e3o)",
        "Numero": "083",
        "Exercicio": "2021"
    },
    {
        "Nome": "PORTARIA N\u00ba082\/2021 - Isabela Fernandes (Chefe de Divis\u00e3o)",
        "Numero": "082",
        "Exercicio": "2021"
    },
    {
        "Nome": "PORTARIA N\u00b0081\/2021 - Jo\u00e3o Gomes da Cruz (Sec. Adjunto)",
        "Numero": "081",
        "Exercicio": "2021"
    },
    {
        "Nome": "Portaria N\u00b0080\/2021 - Valdin\u00eas L. Oliveira - Chefe de Gabinete",
        "Numero": "080",
        "Exercicio": "2021"
    },
    {
        "Nome": "Portaria N\u00b0079\/2021 - Valdin\u00eas Lima Oliveira (Exonera\u00e7\u00e3o)",
        "Numero": "079",
        "Exercicio": "2021"
    },
    {
        "Nome": "Portaria N\u00b0078\/2021 - Luis Sabino B. Guimar\u00e3es - Sec. Administra\u00e7\u00e3o",
        "Numero": "078",
        "Exercicio": "2021"
    },
    {
        "Nome": "Portaria N\u00b0077\/2021 - Luis Sabino B. Guimar\u00e3es (Exonera\u00e7\u00e3o)",
        "Numero": "077",
        "Exercicio": "2021"
    },
    {
        "Nome": "Portaria N\u00b0076\/2021 - Larecio Pontin (Exonera\u00e7\u00e3o)",
        "Numero": "076",
        "Exercicio": "2021"
    },
    {
        "Nome": "Portaria N\u00b0075\/2021 - M\u00f4nica da S. Oliveira - Diretora de Departamento",
        "Numero": "075",
        "Exercicio": "2021"
    },
    {
        "Nome": "Portaria N\u00b0074\/2021 - M\u00f4nica da Silva Oliveira (Exonera\u00e7\u00e3o)",
        "Numero": "074",
        "Exercicio": "2021"
    },
    {
        "Nome": "PORTARIA N\u00b0073\/2021 - Lamartine Sec. Cultura",
        "Numero": "073",
        "Exercicio": "2021"
    },
    {
        "Nome": "PORTARIA N\u00b0072\/2021 - Eth Maria Milhomem (Diretora de Departamento)",
        "Numero": "072",
        "Exercicio": "2021"
    },
    {
        "Nome": "PORTARIA N\u00b0071\/2021 - Jagson da Silva (Diretor de Departamento)",
        "Numero": "071",
        "Exercicio": "2021"
    },
    {
        "Nome": "PORTARIA N\u00b0070\/2021 - Jose Altino (Chefe de Divis\u00e3o de Transporte)",
        "Numero": "070",
        "Exercicio": "2021"
    },
    {
        "Nome": "PORTARIA N\u00b0069\/2021 - Brenda Gabriela (Diretora de Departamento)",
        "Numero": "069",
        "Exercicio": "2021"
    },
    {
        "Nome": "PORTARIA N\u00b0068\/2021 - Cecilio Jacinto (Coordenador)",
        "Numero": "068",
        "Exercicio": "2021"
    },
    {
        "Nome": "PORTARIA  N\u00b0067\/2021 - Francisco de Assis (Coordenador)",
        "Numero": "067",
        "Exercicio": "2021"
    },
    {
        "Nome": "PORTARIA N\u00b0066\/2021 - Bethanha Rodrigues (Coordenadora)",
        "Numero": "066",
        "Exercicio": "2021"
    },
    {
        "Nome": "PORTARIA N\u00b0065\/2021 - Vilmar Silva (Chefe de Divis\u00e3o)",
        "Numero": "065",
        "Exercicio": "2021"
    },
    {
        "Nome": "PORTARIA N\u00b0064\/2021 - Erica Sousa (Chefe de Divis\u00e3o)",
        "Numero": "064",
        "Exercicio": "2021"
    },
    {
        "Nome": "PORTARIA N\u00b0063\/2021 - Edianne Costa (Exonera\u00e7\u00e3o)",
        "Numero": "063",
        "Exercicio": "2021"
    },
    {
        "Nome": "PORTARIA N\u00b0062\/2021 - Durvalina Ferreira (Assessora Tecnica)",
        "Numero": "062",
        "Exercicio": "2021"
    },
    {
        "Nome": "PORTARIA N\u00b0061\/2021 - Durvalina Ferreira (Exonera\u00e7\u00e3o)",
        "Numero": "061",
        "Exercicio": "2021"
    },
    {
        "Nome": "PORTARIA N\u00b0060\/2021 - Daniel Ribeiro Freita  (Assessor Jur\u00eddico)",
        "Numero": "060",
        "Exercicio": "2021"
    },
    {
        "Nome": "PORTARIA N\u00b0059\/2021 -Necilia Melo (Diretora de Departamento SEMED)",
        "Numero": "059",
        "Exercicio": "2021"
    },
    {
        "Nome": "PORTARIA N\u00b0016\/2021 - Francisco Patrick (Chefe de Departamento)",
        "Numero": "016",
        "Exercicio": "2021"
    },
    {
        "Nome": "PORTARIA N\u00b0011\/2021 - Jessica Costa (Presidente da CPL)",
        "Numero": "011",
        "Exercicio": "2021"
    },
    {
        "Nome": "PORTARIA N\u00b0015\/2021 - Luis Carlos  (Assessor Jur\u00eddico)",
        "Numero": "015",
        "Exercicio": "2021"
    },
    {
        "Nome": "PORTARIA N\u00b0021\/2021 - Roberto Bagio  (Chefe de Divis\u00e3o de Programas)",
        "Numero": "021",
        "Exercicio": "2021"
    },
    {
        "Nome": "PORTARIA N\u00b0033\/2021 - Vitoria Pinheiro  (Assessor Espec. de Planeamento)",
        "Numero": "033",
        "Exercicio": "2021"
    },
    {
        "Nome": "PORTARIA N\u00b0043\/2021 - Francisco Lucas (Assessor Jur\u00eddico da SEMED)",
        "Numero": "043",
        "Exercicio": "2021"
    },
    {
        "Nome": "PORTARIA N\u00b0058\/2021 - Bartolomeu Junior  (Chefe de Setor Inform\u00e1tica)",
        "Numero": "058",
        "Exercicio": "2021"
    },
    {
        "Nome": "PORTARIA N\u00b0057\/2021 - Rog\u00e9rio Barreira Vasque  (Contador Geral)",
        "Numero": "057",
        "Exercicio": "2021"
    },
    {
        "Nome": "PORTARIA N\u00b0 056\/2021 - Werquithon Coelho (Contador Geral)",
        "Numero": "056",
        "Exercicio": "2021"
    },
    {
        "Nome": "PORTARIA N\u00b0055\/2021 - Thayonara G. de Paula  (Coordenadora de Escola)",
        "Numero": "055",
        "Exercicio": "2021"
    },
    {
        "Nome": "PORTARIA N\u00b0054\/2021 - Francisco Marques (Coordenador de Escola)",
        "Numero": "054",
        "Exercicio": "2021"
    },
    {
        "Nome": "PORTARIA N\u00b0053\/2021 - Eri Lima Ara\u00fajo  (Coordenador de Escola)",
        "Numero": "053",
        "Exercicio": "2021"
    },
    {
        "Nome": "PORTARIA N\u00b0052\/2021 - Gilmara  Bandeira  Rocha (Coordenadora  Educa\u00e7\u00e3o Inclusiva)",
        "Numero": "052",
        "Exercicio": "2021"
    },
    {
        "Nome": "PORTARIA N\u00b0051\/2021 - Edianne Queroz  (Coordenadora de Sa\u00fade Bucal)",
        "Numero": "051",
        "Exercicio": "2021"
    },
    {
        "Nome": "PORTARIA N\u00b0050\/2021 - Denison Ferreira Nogueira (chefe de Divis\u00e3o em Vigil\u00e2ncia)",
        "Numero": "050",
        "Exercicio": "2021"
    },
    {
        "Nome": "PORTARIA N\u00b0049\/2021 - Vera L\u00facia  (Diretora de Aten\u00e7\u00e3o B\u00e1sica)",
        "Numero": "049",
        "Exercicio": "2021"
    },
    {
        "Nome": "PORTARIA N\u00b0048\/2021 - Raisa Mara Ferreira (Coordenadora)",
        "Numero": "048",
        "Exercicio": "2021"
    },
    {
        "Nome": "PORTARIA N\u00b0047\/2021 - Durvalina Marinho Neta (Coordenadora)",
        "Numero": "047",
        "Exercicio": "2021"
    },
    {
        "Nome": "PORTARIA N\u00b0046\/2021 - Gleyson de S. Silva  (Diretor de Departamento)",
        "Numero": "046",
        "Exercicio": "2021"
    },
    {
        "Nome": "PORTARIA N\u00b0045\/2021 - Maria de Jesus  (Chefe de Sector Inform\u00e1tica)",
        "Numero": "045",
        "Exercicio": "2021"
    },
    {
        "Nome": "PORTARIA N\u00b0044\/2021 - Klelson  Barbosa (Usu\u00e1rio SAAPl)",
        "Numero": "044",
        "Exercicio": "2021"
    },
    {
        "Nome": "PORTARIA N\u00b0042\/2021 - Wesdeyglan S. Batista  (Coordenador)",
        "Numero": "042",
        "Exercicio": "2021"
    },
    {
        "Nome": "PORTARIA N\u00b0041\/2021 - Marcia  Juscelina  (Diretora)",
        "Numero": "041",
        "Exercicio": "2021"
    },
    {
        "Nome": "PORTARIA N\u00b0040\/2021 - Ana Paiva Morais S. Oliveira  (Coordenadora)",
        "Numero": "040",
        "Exercicio": "2021"
    },
    {
        "Nome": "PORTARIA N\u00b0001\/2021 - Lu\u00eds Sabino (Chefe de Gabinete)",
        "Numero": "001",
        "Exercicio": "2021"
    },
    {
        "Nome": "PORTARIA N\u00b0039\/2021 - Edivaldo Santos (Secretario Adj. Infraestrutura)",
        "Numero": "039",
        "Exercicio": "2021"
    },
    {
        "Nome": "PORTARIA N\u00b0038\/2021 - M\u00f4nica Silva  (Secretaria Executiva)",
        "Numero": "038",
        "Exercicio": "2021"
    },
    {
        "Nome": "PORTARIA N\u00b0037\/2021 - Jo\u00e3o Carlos  (Secretario Adj. Agricultura)",
        "Numero": "037",
        "Exercicio": "2021"
    },
    {
        "Nome": "PORTARIA N\u00b0036\/2021 - Elissandro da Silva  (Secretario de Agricultura)",
        "Numero": "036",
        "Exercicio": "2021"
    },
    {
        "Nome": "PORTARIA N\u00b0035\/2021 - Sebasti\u00e3o Antonio  (Assessor T\u00e9cnico)",
        "Numero": "035",
        "Exercicio": "2021"
    },
    {
        "Nome": "PORTARIA N\u00b0034\/2021 - Magn\u00f3lia Rodrigues  (Chefe de Divis\u00e3o)",
        "Numero": "034",
        "Exercicio": "2021"
    },
    {
        "Nome": "PORATRIA N\u00b0032\/2021 - Ingrid Victoria - (Diretora. de departamento social)",
        "Numero": "032",
        "Exercicio": "2021"
    },
    {
        "Nome": "PORTARIA N\u00b0031\/2021 - Ana Cristina  (Diretora)",
        "Numero": "031",
        "Exercicio": "2021"
    },
    {
        "Nome": "PORTARIA N\u00b0030\/2021 - Maria Nubia  (Diretora)",
        "Numero": "030",
        "Exercicio": "2021"
    },
    {
        "Nome": "PORTARIA 029\/2021 - Iramar da Costa  (Diretora)",
        "Numero": "029",
        "Exercicio": "2021"
    },
    {
        "Nome": "PORTARIA N\u00b0028\/2021 - Evaldina Silva  (Diretora)",
        "Numero": "028",
        "Exercicio": "2021"
    },
    {
        "Nome": "PORTARIA N\u00b0027\/2021 - Carlos Augusto (Diretora)",
        "Numero": "027",
        "Exercicio": "2021"
    },
    {
        "Nome": "PORTARIA N\u00b0026\/2021 - Silvani Santos  (Coord. do 4\u00b0 ao 9\u00b0)",
        "Numero": "026",
        "Exercicio": "2021"
    },
    {
        "Nome": "PORTARIA N\u00b0025\/2021 - Leide Cardoso  (coord. zona rural)",
        "Numero": "025",
        "Exercicio": "2021"
    },
    {
        "Nome": "PORTARIA N\u00b0024\/2021 - Itaisse Miranda  (Coord. Educa\u00e7\u00e3o infantil)",
        "Numero": "024",
        "Exercicio": "2021"
    },
    {
        "Nome": "PORTARIA N\u00b0023\/2021 - Inaldo Gomes (Coordenador Geral)",
        "Numero": "023",
        "Exercicio": "2021"
    },
    {
        "Nome": "PORTARIA N\u00b0022\/2021 - Maria Onoria  (Secretaria Adjunta de Educa\u00e7\u00e3o)",
        "Numero": "022",
        "Exercicio": "2021"
    },
    {
        "Nome": "PORTARIA N\u00b0020\/2021 - Ana Catarina (Secret\u00e1ria Executiva)",
        "Numero": "020",
        "Exercicio": "2021"
    },
    {
        "Nome": "PORTARIA N\u00b0019\/2021 - Leonardo Alves  (Assessor T\u00e9cnico)",
        "Numero": "019",
        "Exercicio": "2021"
    },
    {
        "Nome": "PORTARIA N\u00b0018\/2021 - Lucas Samarone  (Assessor T\u00e9cnico)",
        "Numero": "018",
        "Exercicio": "2021"
    },
    {
        "Nome": "PORTARIA N\u00b0017\/2021 - Irineu Cavalcante  (Assessor T\u00e9cnico)",
        "Numero": "017",
        "Exercicio": "2021"
    },
    {
        "Nome": "PORTARIA N\u00b0014\/2021 - Francisco Patrick  (Atestador de notas)",
        "Numero": "014",
        "Exercicio": "2021"
    },
    {
        "Nome": "PORTARIA N\u00b0013\/2021 - Francisco Patrick  (Assessor Especial)",
        "Numero": "013",
        "Exercicio": "2021"
    },
    {
        "Nome": "PORTARIA N\u00b0012\/2021 - Jorge Antonio  (Pregoeiro)",
        "Numero": "012",
        "Exercicio": "2021"
    },
    {
        "Nome": "PORTARIA N\u00b0010\/2021 - Leny da Silva  (Procuradora Geral)",
        "Numero": "010",
        "Exercicio": "2021"
    },
    {
        "Nome": "PORTARIA N\u00b0009\/2021 - Valdin\u00eas Lima  (Sec. Adjunto de Administra\u00e7\u00e3o)",
        "Numero": "009",
        "Exercicio": "2021"
    },
    {
        "Nome": "PORTARIA N\u00b0008\/2021 - Werquithon Coelho (Contador Geral)",
        "Numero": "008",
        "Exercicio": "2021"
    },
    {
        "Nome": "PORTARIA N\u00b0007\/2021 - Raimundo Alves  (Secretario de Infraestrutura)",
        "Numero": "007",
        "Exercicio": "2021"
    },
    {
        "Nome": "PORTARIA N\u00b0006\/2021 - Eduardo Jorge  (Secretario de Educa\u00e7\u00e3o)",
        "Numero": "006",
        "Exercicio": "2021"
    },
    {
        "Nome": "PORTARIA N\u00b0005\/2021- Emerson Junior  (Secretario de  Sa\u00fade)",
        "Numero": "005",
        "Exercicio": "2021"
    },
    {
        "Nome": "PORTARIA N\u00b0004\/2021 - Juvenal de Sousa  (Secretario de Finan\u00e7as)",
        "Numero": "004",
        "Exercicio": "2021"
    },
    {
        "Nome": "PORTARIA N\u00b0003\/2021 - Laercio Pontin - Secretario de  Administra\u00e7\u00e3o)",
        "Numero": "003",
        "Exercicio": "2021"
    },
    {
        "Nome": "PORTARIA N\u00b0002\/2021 - Jacyara Pinheiro  (Secretaria de Assist\u00eancia Social)",
        "Numero": "002",
        "Exercicio": "2021"
    }
]