[
    {
        "Nome": "DECRETO DE PONTO FACULTATIVO DE TIRADENTES 20 DE ABRIL",
        "Numero": "189",
        "Exercicio": "2026",
        "Descricao": "<br>"
    },
    {
        "Nome": "DECRETO DE PONTO FACULTATIVO QUINTA FEIRA SANTA",
        "Numero": "188",
        "Exercicio": "2026",
        "Descricao": "<br>"
    },
    {
        "Nome": "DECRETO DE NOMEA\u00c7\u00c3O DO LUIS SABINO DE DIRETOR DO SAAE",
        "Numero": "187",
        "Exercicio": "2026",
        "Descricao": "<br>"
    },
    {
        "Nome": "DECRETO DE PONTO FACULTATIVO DO CARNAVAL",
        "Numero": "186",
        "Exercicio": "2026",
        "Descricao": "<br>"
    },
    {
        "Nome": "DECRETO DE RECESSO FUNCIONAL DE FIM DE ANO",
        "Numero": "184",
        "Exercicio": "2025",
        "Descricao": "<br>"
    },
    {
        "Nome": "DECRETO QUE INSTITUI O SCAR DA EDUCA\u00c7\u00c3O",
        "Numero": "185",
        "Exercicio": "2025",
        "Descricao": "<br>"
    },
    {
        "Nome": "DECRETO DE AVALIA\u00c7\u00c3O DOS PROFISSIONAIS DA EDUCA\u00c7\u00c3O",
        "Numero": "183",
        "Exercicio": "2025",
        "Descricao": "<br>"
    },
    {
        "Nome": "DECRETO DE PONTO FACULTATIVO NO DIA 21 DE NOVEMBRO",
        "Numero": "182",
        "Exercicio": "2025",
        "Descricao": "<br>"
    },
    {
        "Nome": "DECRETO DE PONTO FACULTATIVO ALUSIVO AO DIA DO SERVIDOR P\u00daBLICO",
        "Numero": "181",
        "Exercicio": "2025",
        "Descricao": "<br>"
    },
    {
        "Nome": "REGULAMENTA O CONSELHO MUNICIPAL DE SEGURAN\u00c7A ALIMENTAR E NUTRICIONAL -   COMSEA",
        "Numero": "180",
        "Exercicio": "2025",
        "Descricao": "<br>"
    },
    {
        "Nome": "REGULAMENTA A C\u00c2MARA INTERSETORIAL MUNICIPAL DE SEGURAN\u00c7A ALIMENTAR E  NUTRICIONAL \u2014 CAISAN",
        "Numero": "179",
        "Exercicio": "2025",
        "Descricao": "<br>"
    },
    {
        "Nome": "DECRETO N\u00ba 177 \u2013 GAB REVOGA\u00c7\u00c3O DE DECRETO ANTERIOR (ASSINADO EM 07 E ABRIL DE 2020)",
        "Numero": "177",
        "Exercicio": "2025",
        "Descricao": "<br>"
    },
    {
        "Nome": "DECRETO N\u00ba 175 \u2013 GAB PONTO FACULTATIVO 08 E SETEMBRO",
        "Numero": "175",
        "Exercicio": "2025",
        "Descricao": "<br>"
    },
    {
        "Nome": "DECRETO 14\u00aa CONFER\u00caNCIA DA SA\u00daDE",
        "Numero": "174",
        "Exercicio": "2025",
        "Descricao": "<br>"
    },
    {
        "Nome": "DECRETO QUE INSTITUE A COMISS\u00c3O DO SELO UNICEF 2025\/2028",
        "Numero": "173",
        "Exercicio": "2025",
        "Descricao": "<br>"
    },
    {
        "Nome": "DECRETO DE RECESSO DO MEIO DO ANO",
        "Numero": "172",
        "Exercicio": "2025",
        "Descricao": "<br>"
    },
    {
        "Nome": "DECRETO QUE REGULAMENTA A SALA DO EMPREENDEDOR",
        "Numero": "170",
        "Exercicio": "2025",
        "Descricao": "<br>"
    },
    {
        "Nome": "DECRETO DE PONTO FACULTATIVO 2 DE MAIO",
        "Numero": "169",
        "Exercicio": "2025",
        "Descricao": "<br>"
    },
    {
        "Nome": "DECRETO DE LUTO POR FALECIMENTO DO PROFESSOR INALDO",
        "Numero": "089",
        "Exercicio": "2025",
        "Descricao": "<br>"
    },
    {
        "Nome": "DECRETO PONTO FACULTATIVO QUINTA FEIRA SANTA",
        "Numero": "167",
        "Exercicio": "2025",
        "Descricao": "<br>"
    },
    {
        "Nome": "DECRETO DE POTO FACULTATIVO DO CARNAVAL 2025",
        "Numero": "166",
        "Exercicio": "2025",
        "Descricao": "<br>"
    },
    {
        "Nome": "DECRETO DE RECESSO DE FINAL DE ANO 2024",
        "Numero": "165",
        "Exercicio": "2024",
        "Descricao": "<br>"
    },
    {
        "Nome": "DECRETO ELEI\u00c7\u00d5ES DIRETORES DE ESCOLAS",
        "Numero": "164",
        "Exercicio": "2024",
        "Descricao": "<br>"
    },
    {
        "Nome": "PONTO FACULTATIVO DIA DO SERVIDOR P\u00daBLICO",
        "Numero": "163",
        "Exercicio": "2024",
        "Descricao": "<br>"
    },
    {
        "Nome": "OSCAR DA EDUCA\u00c7\u00c3O",
        "Numero": "162",
        "Exercicio": "2024",
        "Descricao": "<br>"
    },
    {
        "Nome": "DECRETO QUE INSTITUE COMISS\u00c3O DE AVALIA\u00c7\u00c3O NA EDUCA\u00c7\u00c3O",
        "Numero": "161",
        "Exercicio": "2024",
        "Descricao": "<br>"
    },
    {
        "Nome": "DECRETO RECESSO DE F\u00c9RIAS",
        "Numero": "160",
        "Exercicio": "2024",
        "Descricao": "<br>"
    },
    {
        "Nome": "PONTO FACULTATIVO CORPUS CRHISTI",
        "Numero": "159",
        "Exercicio": "2024",
        "Descricao": "<br>"
    },
    {
        "Nome": "PONTO FACULTATIVO QUINTA FEIRA SANTA",
        "Numero": "158",
        "Exercicio": "2024",
        "Descricao": "<br>"
    },
    {
        "Nome": "PONTO FACULTATIVO CARNAVAL 2024",
        "Numero": "157",
        "Exercicio": "2024",
        "Descricao": "<br>"
    },
    {
        "Nome": "REGULAMEENTA O PREG\u00c3O ELETR\u00d4NICO",
        "Numero": "156",
        "Exercicio": "2024",
        "Descricao": "<br>"
    },
    {
        "Nome": "ENQUADRA BENS DE CONSUMO ADQUIRIDOS",
        "Numero": "155",
        "Exercicio": "2024",
        "Descricao": "<br>"
    },
    {
        "Nome": "REGULAMENTA O PLANO DE CONTRATA\u00c7\u00d5ES",
        "Numero": "154",
        "Exercicio": "2024",
        "Descricao": "<br>"
    },
    {
        "Nome": "DECRETO  REGULAMENTA DISPENSA ELETRONICA DE LICITA\u00c7\u00c3O",
        "Numero": "153",
        "Exercicio": "2024",
        "Descricao": "<br>"
    },
    {
        "Nome": "DECRETO N\u00ba 152 RECESSO FIM DE ANO",
        "Numero": "152",
        "Exercicio": "2023",
        "Descricao": "<br>"
    },
    {
        "Nome": "DECRETO N\u00ba 150, DE 31 DE OUTUBRO DE 2023. PONTO FACULTATIVO",
        "Numero": "150",
        "Exercicio": "2023",
        "Descricao": "<br>"
    },
    {
        "Nome": "DECRETO N\u00ba 149, DE 10 DE OUTUBRO DE 2023. NOSSA SENHORA APARECIDA",
        "Numero": "149",
        "Exercicio": "2023",
        "Descricao": "<br>"
    },
    {
        "Nome": "DECRETO MUNICIPAL N\u00ba 139, DE 11 DE JULHO DE 2023.ETP - ESTUDOS T\u00c9CNICO PRELIMINAR",
        "Numero": "139",
        "Exercicio": "2023",
        "Descricao": "<br>"
    },
    {
        "Nome": "DECRETO N\u00ba 148 PONTO FACULTATIVO DIA 08 DE SETEMBRO",
        "Numero": "148",
        "Exercicio": "2023",
        "Descricao": "<br>"
    },
    {
        "Nome": "DECRETO N\u00ba 147, DE 25 DE AGOSTO DE 2023. MANIFESTO PREFEITOS",
        "Numero": "147",
        "Exercicio": "2023",
        "Descricao": "<br>"
    },
    {
        "Nome": "DECRETO N\u00ba 146 - 2023 \u2013 GAB PROTE\u00c7\u00c3O DE DADOS PESSOAIS",
        "Numero": "146",
        "Exercicio": "2023",
        "Descricao": "<br>"
    },
    {
        "Nome": "DECRETO N\u00ba 145\/2023 \u2013 GAB PROTE\u00c7\u00c3O DE DADOS PESSOAIS",
        "Numero": "145",
        "Exercicio": "2023",
        "Descricao": "<br>"
    },
    {
        "Nome": "DECRETO N\u00ba 144\/2023 \u2013 GAB COORDENADORIA DA ALFABETIZA\u00c7\u00c3O",
        "Numero": "144",
        "Exercicio": "2023",
        "Descricao": "<br>"
    },
    {
        "Nome": "DECRETO N\u00ba143 - RECESSO",
        "Numero": "143",
        "Exercicio": "2023",
        "Descricao": "<br>"
    },
    {
        "Nome": "DECRETO N\u00ba 142\/2023 REGULAMENTA A LEI 14\/133 AGENTE DE CONTRATA\u00c7\u00c3O",
        "Numero": "142",
        "Exercicio": "2023",
        "Descricao": "<br>"
    },
    {
        "Nome": "DECRETO N\u00ba 141\/2023 REGULAMENTA A LEI 14\/133 TRANSI\u00c7\u00c3O",
        "Numero": "141",
        "Exercicio": "2023",
        "Descricao": "<br>"
    },
    {
        "Nome": "DECRETO N\u00ba 140 REGULAMENTA A LEI 14\/133 PROCEDIMENTO ADMINISTRATIVO",
        "Numero": "140",
        "Exercicio": "2023",
        "Descricao": "<br>"
    },
    {
        "Nome": "DECRETO N\u00ba 138\/2023 - PONTO FACULTATIVO S\u00c3O JO\u00c3O",
        "Numero": "138",
        "Exercicio": "2023",
        "Descricao": "<br>"
    },
    {
        "Nome": "DECRETO N\u00ba 130-2023 - PONTO FACULTATIVO QUINTA FEIRA SANTA",
        "Numero": "130",
        "Exercicio": "2023",
        "Descricao": "<br>"
    },
    {
        "Nome": "DECRETO N\u00ba 129-2023 - EXPEDIENTE CPL",
        "Numero": "129",
        "Exercicio": "2023",
        "Descricao": "<br>"
    },
    {
        "Nome": "DECRETO N\u00ba 128-2023 - XIII CONFER\u00caNCIA DA SA\u00daDE - ERRATA",
        "Numero": "128",
        "Exercicio": "2023",
        "Descricao": "<br>"
    },
    {
        "Nome": "Decreto N\u00b0 128\/2023 - XVIII CONFER\u00caNCIA DA SA\u00daDE",
        "Numero": "128",
        "Exercicio": "2023",
        "Descricao": "<br>"
    },
    {
        "Nome": "DECRETO N\u00ba 127\/2023 - PONTO FACULTATIVO CARNAVAL 2023",
        "Numero": "127",
        "Exercicio": "2023",
        "Descricao": "<br>"
    },
    {
        "Nome": "DECRETO N\u00ba 126\/2022 GAB - RECESSO FIM DE ANO",
        "Numero": "126",
        "Exercicio": "2022",
        "Descricao": "<br>"
    },
    {
        "Nome": "DECRETO N\u00ba 124\/2022 - GAB - PONTO FACULTATIVO 09 DE DEZEMBRO",
        "Numero": "124",
        "Exercicio": "2022",
        "Descricao": "<br>"
    },
    {
        "Nome": "DECRETO N\u00ba 123\/2022 - GAB - ESTABELECE EXPEDIENTE NO DIA DO JOGO DA SELE\u00c7\u00c3O BRASILEIRA NAS 8\u00aa DE FINAIS",
        "Numero": "123",
        "Exercicio": "2022",
        "Descricao": "<br>"
    },
    {
        "Nome": "DECRETO N\u00ba 122- ESTABELECE EXPEDIENTE NOS JOGOS DO BR NA COPA",
        "Numero": "122",
        "Exercicio": "2022",
        "Descricao": "<br>"
    },
    {
        "Nome": "DECRETO N\u00ba 121\/2022 - FERIADO MUNICIPAL",
        "Numero": "121",
        "Exercicio": "2022",
        "Descricao": "<br>"
    },
    {
        "Nome": "DECRETO N\u00ba 119\/2022 PONTO FACULTATIVO DIA 31\/10 E 01\/11",
        "Numero": "119",
        "Exercicio": "2022",
        "Descricao": "<br>"
    },
    {
        "Nome": "DECRETO N\u00ba 118-2022 - desempenho dos candidatos \u00e0 dire\u00e7\u00e3o de institui\u00e7\u00e3o educacional da rede municipal de ensino",
        "Numero": "118",
        "Exercicio": "2022",
        "Descricao": "<br>"
    },
    {
        "Nome": "DECRETO N\u00ba 117\/2022-GAB Adiamento de feriado",
        "Numero": "117",
        "Exercicio": "2022",
        "Descricao": "<br>"
    },
    {
        "Nome": "DECRETO N\u00ba 116 - PONTO FACULTATIVO",
        "Numero": "116",
        "Exercicio": "2022",
        "Descricao": "<br>"
    },
    {
        "Nome": "DECRETO N\u00ba 115 - PONTO FACULTATIVO",
        "Numero": "115",
        "Exercicio": "2022",
        "Descricao": "<br>"
    },
    {
        "Nome": "DECRETO N\u00b0 114 - PONTO FCULTATIVO",
        "Numero": "114",
        "Exercicio": "2022",
        "Descricao": "<br>"
    },
    {
        "Nome": "DECRETO N\u00ba 112\/2022 - Confer\u00eancia Municipal de Educa\u00e7\u00e3o",
        "Numero": "112",
        "Exercicio": "2022",
        "Descricao": "<br>"
    },
    {
        "Nome": "DECRETO N\u00b0 113\/2022 - XII Conferencia Municipal de Sa\u00fade",
        "Numero": "113",
        "Exercicio": "2022",
        "Descricao": "<br>"
    },
    {
        "Nome": "DECRETO N\u00b0 111\/2022 - SUSPENS\u00c3O  DO CARNAVAL 2022",
        "Numero": "111",
        "Exercicio": "2022",
        "Descricao": "<br>"
    },
    {
        "Nome": "DECRETO N\u00ba 110\/2022 - Disp\u00f5e sobre feriado municipal e da outras providencias",
        "Numero": "110",
        "Exercicio": "2022",
        "Descricao": "<br>"
    },
    {
        "Nome": "DECRETO N\u00b0 109\/2022 - ABONO FUNDEB",
        "Numero": "109",
        "Exercicio": "2022",
        "Descricao": "<br>"
    },
    {
        "Nome": "DECRETO N\u00b0 109\/2022 - ABONO FUNDEB",
        "Numero": "109",
        "Exercicio": "2022",
        "Descricao": "<br>"
    },
    {
        "Nome": "DECRETO N\u00ba 108\/2022 - GAB DISP\u00d5E SOBRE MEDIDAS PROPAGA\u00c7\u00c3O DA TRASMISS\u00c3O DO COVID-19",
        "Numero": "108",
        "Exercicio": "2022",
        "Descricao": "<br>"
    },
    {
        "Nome": "DECRETO N\u00b0107\/2022 -  OFICIALIZA\u00c7\u00c3O DA CONFER\u00caNCIA MUNICIPAL DE EDUCA\u00c7\u00c3O",
        "Numero": "107",
        "Exercicio": "2022",
        "Descricao": "<br>"
    },
    {
        "Nome": "DECRETO N\u00b0 106\/2021 - Regulamenta a lei que trata sobre o abano - FUNDEB",
        "Numero": "106",
        "Exercicio": "2021",
        "Descricao": "<br>"
    },
    {
        "Nome": "DECRETO N\u00b0 105\/2021 - Recesso Funcional Das Reparti\u00e7\u00f5es P\u00fablicas",
        "Numero": "105",
        "Exercicio": "2021",
        "Descricao": "<br>"
    },
    {
        "Nome": "DECRETO N\u00b0 103\/2021 - Regulamenta O Servi\u00e7o De T\u00e1xi No Munic\u00edpio De Ribamar Fiquene",
        "Numero": "103",
        "Exercicio": "2021",
        "Descricao": "<br>"
    },
    {
        "Nome": "DECRETO N\u00b0 104\/20221 - XII \u00aa Confer\u00eancia de Sa\u00fade com o tema COVID - 19: Desafios para o cuidador.",
        "Numero": "104",
        "Exercicio": "2021",
        "Descricao": "<br>"
    },
    {
        "Nome": "DECRETO N\u00b0 102\/2021 - Ponto Facultativo no dia 01\/10\/2021",
        "Numero": "102",
        "Exercicio": "2021",
        "Descricao": "<strong style=\"font-family: sans-serif, Arial, Verdana, &quot;Trebuchet MS&quot;; font-size: 13px;\">DISP\u00d5E SOBRE PONTO FACULTATIVO NO DIA 01 DE NOVEMBRO DE 2021<\/strong><br>"
    },
    {
        "Nome": "DECRETO N\u00b0 101\/2021 - Disp\u00f5e sobre a libera\u00e7\u00e3o de eventos de grande porte",
        "Numero": "101",
        "Exercicio": "2021",
        "Descricao": "<br>"
    },
    {
        "Nome": "DECRETO N\u00b0 100\/2021 - Dispoe sobre o ponto facultativo no dia 11 de outubro de 2021",
        "Numero": "100",
        "Exercicio": "2021",
        "Descricao": "<br>"
    },
    {
        "Nome": "DECRETO N\u00b0099\/2021 - constitui e nomeia comiss\u00e3o para estudo elabora\u00e7\u00e3o do plano de cargos carreiras e sal\u00e1rios dos ACS",
        "Numero": "099",
        "Exercicio": "2021",
        "Descricao": "<br>"
    },
    {
        "Nome": "DECRETO N\u00b0097\/2021 - Prorroga\u00e7\u00e3o do decreto n\u00b0096\/2021 e com mais algumas flexibiliza\u00e7\u00f5es",
        "Numero": "097",
        "Exercicio": "2021",
        "Descricao": "<br>"
    },
    {
        "Nome": "DECRETO N\u00ba 096\/2021 \u2013 Flexibiliza\u00e7\u00e3o das Medidas Restritivas em todo terr",
        "Numero": "096",
        "Exercicio": "2021",
        "Descricao": "<br>"
    },
    {
        "Nome": "DECRETO N\u00b0095\/2021 - Prorroga\u00e7\u00e3o do decreto n\u00b0093\/2021 COVID - 19",
        "Numero": "095",
        "Exercicio": "2021",
        "Descricao": "<br>"
    },
    {
        "Nome": "DECRETO N\u00b0 094\/2021 - Proibi\u00e7\u00e3o Relativa a Praia de Ribamar FIQUENE (Per\u00edodo de Veraneio)",
        "Numero": "094",
        "Exercicio": "2021",
        "Descricao": "<br>"
    },
    {
        "Nome": "DECRETO N\u00b0093\/2021 - Medidas de Preven\u00e7\u00e3o Contra o Contagio do COVD - 19",
        "Numero": "093",
        "Exercicio": "2021",
        "Descricao": "<br>"
    },
    {
        "Nome": "DECRETO N\u00b0092\/2021 - Preg\u00e3o Eletr\u00f4nico e Presencial",
        "Numero": "092",
        "Exercicio": "2021",
        "Descricao": "<br>"
    },
    {
        "Nome": "DECRETO N\u00b0091\/2021 - Ponto Facultativo - Corpus Christi",
        "Numero": "091",
        "Exercicio": "2021",
        "Descricao": "<br>"
    },
    {
        "Nome": "DECRETO N\u00b0 090\/2021 - Preven\u00e7\u00e3o do COVID - 19",
        "Numero": "090",
        "Exercicio": "2021",
        "Descricao": "<br>"
    },
    {
        "Nome": "DECRETO N\u00b0089\/021 - Luto Oficial Abel Rafael",
        "Numero": "089",
        "Exercicio": "2021",
        "Descricao": "<br>"
    },
    {
        "Nome": "DECRETO N\u00b0041\/2015 - Regulamenta o Sistema de Registro de Pre\u00e7os",
        "Numero": "041",
        "Exercicio": "2015",
        "Descricao": "<br>"
    },
    {
        "Nome": "DECRETO N\u00b0088\/2021 - Plano de Adequa\u00e7\u00e3o",
        "Numero": "088",
        "Exercicio": "2021",
        "Descricao": "<br>"
    },
    {
        "Nome": "DECRETO N\u00b0087\/2021 - Flexibiliza\u00e7\u00e3o do Comercio",
        "Numero": "087",
        "Exercicio": "2021",
        "Descricao": "<br>"
    },
    {
        "Nome": "DECRETO N\u00b0086\/2021 - Medidas Restritivas do - COVID",
        "Numero": "086",
        "Exercicio": "2021",
        "Descricao": "<br>"
    },
    {
        "Nome": "DECRETO N\u00ba085\/2021 - COVID-19, Restri\u00e7\u00f5es",
        "Numero": "085",
        "Exercicio": "2021",
        "Descricao": "<br>"
    },
    {
        "Nome": "DECRETO N\u00ba084\/2021 - Ponto Facultativo",
        "Numero": "084",
        "Exercicio": "2021",
        "Descricao": "<br>"
    },
    {
        "Nome": "DECRETO N\u00ba079\/2021 - Suspen\u00e7\u00e3o do Carnaval 2021",
        "Numero": "079",
        "Exercicio": "2021",
        "Descricao": "<br>"
    },
    {
        "Nome": "DECRETO N\u00ba082\/2021 - Regulamenta Medidas Disciplinares a Servidores",
        "Numero": "082",
        "Exercicio": "2021",
        "Descricao": "<br>"
    },
    {
        "Nome": "DECRETO N\u00ba083\/2021 - COVID-19  Prorroga\u00e7\u00e3o Decreto 080",
        "Numero": "083",
        "Exercicio": "2021",
        "Descricao": "<br>"
    },
    {
        "Nome": "DECRETO N\u00b0081\/2021 - Prorroga o Decreto 080\/2021",
        "Numero": "081",
        "Exercicio": "2021",
        "Descricao": "<br>"
    },
    {
        "Nome": "DECRETO N\u00b0080\/2021 - Regras mas r\u00edgidas COVID - 19",
        "Numero": "080",
        "Exercicio": "2021",
        "Descricao": "<br>"
    },
    {
        "Nome": "DECRETO N\u00b0053\/2020 - Preven\u00e7\u00e3o ao Contagio do COVID - 19",
        "Numero": "053",
        "Exercicio": "2020",
        "Descricao": "<br>"
    },
    {
        "Nome": "DECRETO N\u00b0052\/2020 - Suspens\u00e3o das Aulas",
        "Numero": "052",
        "Exercicio": "2020",
        "Descricao": "<br>"
    },
    {
        "Nome": "DECRETO N\u00b0047\/2019 - Ponto Facultativo",
        "Numero": "047",
        "Exercicio": "2019",
        "Descricao": "<br>"
    },
    {
        "Nome": "DECRETO N\u00b0050\/2020 - Fechamento de Estabelecimento - Covid 19",
        "Numero": "050",
        "Exercicio": "2020",
        "Descricao": "<br>"
    },
    {
        "Nome": "DECRETO N\u00b0066\/2020 - Intensifica\u00e7\u00e3o das Medidas de Isolamento Social",
        "Numero": "066",
        "Exercicio": "2020",
        "Descricao": "<br>"
    },
    {
        "Nome": "DECRETO N\u00b0048\/2020 - Ponto Facultativo - Carnaval",
        "Numero": "048",
        "Exercicio": "2020",
        "Descricao": "<br>"
    },
    {
        "Nome": "DECRETO N\u00b0055\/2020 - Funcionamento de Atividades Econ\u00f3micas",
        "Numero": "055",
        "Exercicio": "2020",
        "Descricao": "<br>"
    },
    {
        "Nome": "DECRETO N\u00b0058\/2020 - Contrata\u00e7\u00e3o Publicas de Bens e Servi\u00e7os",
        "Numero": "058",
        "Exercicio": "2020",
        "Descricao": "<br>"
    },
    {
        "Nome": "DECRETO N\u00b0059\/2020 - Novo Hor\u00e1rio de Expediente",
        "Numero": "059",
        "Exercicio": "2020",
        "Descricao": "<br>"
    },
    {
        "Nome": "DECRETO N\u00b0054\/2020 - Emerg\u00eancia Sa\u00fade Publica",
        "Numero": "054",
        "Exercicio": "2020",
        "Descricao": "<br>"
    },
    {
        "Nome": "DECRETO N\u00b0062\/2020 - Suspens\u00e3o das Aulas",
        "Numero": "062",
        "Exercicio": "2020",
        "Descricao": "<br>"
    },
    {
        "Nome": "DECRETO N\u00b0067\/2020 - Prorroga a Determina\u00e7\u00e3o do dec. 066\/2020",
        "Numero": "067",
        "Exercicio": "2020",
        "Descricao": "<br>"
    },
    {
        "Nome": "DECRETO N\u00b0069\/2020 - Ponto Facultativo",
        "Numero": "069",
        "Exercicio": "2020",
        "Descricao": "<br>"
    },
    {
        "Nome": "DECRETO N\u00b0068\/2020 - Prorroga as Medidas de Preven\u00e7\u00e3o do Covid",
        "Numero": "068",
        "Exercicio": "2020",
        "Descricao": "<br>"
    },
    {
        "Nome": "DECRETO N\u00b0070\/2020 - Ponto Facultativo",
        "Numero": "070",
        "Exercicio": "2020",
        "Descricao": "<br>"
    },
    {
        "Nome": "DECRETO N\u00b0071\/2020 - Feriado Escolar",
        "Numero": "071",
        "Exercicio": "2020",
        "Descricao": "<br>"
    },
    {
        "Nome": "DECRETO N\u00b0063\/2020 - Uso Obrigat\u00f3rio de Mascara",
        "Numero": "063",
        "Exercicio": "2020",
        "Descricao": "<br>"
    },
    {
        "Nome": "DECRETO N\u00b0072\/2020 - Ponto Facultativo Servidor",
        "Numero": "072",
        "Exercicio": "2020",
        "Descricao": "<br>"
    },
    {
        "Nome": "DECRETO N\u00b0074\/2020 - Luto Oficial Luce Rocha",
        "Numero": "074",
        "Exercicio": "2020",
        "Descricao": "<br>"
    },
    {
        "Nome": "DECRETO N\u00b0073\/2020 - Ponto Facultativo",
        "Numero": "073",
        "Exercicio": "2020",
        "Descricao": "<br>"
    },
    {
        "Nome": "DECRETO N\u00b0049\/2020 - Preven\u00e7\u00e3o do Covid - 19",
        "Numero": "049",
        "Exercicio": "2020",
        "Descricao": "<br>"
    },
    {
        "Nome": "DECRETO N\u00b0060\/2020 - Preg\u00e3o Presencial",
        "Numero": "060",
        "Exercicio": "2020",
        "Descricao": "<br>"
    },
    {
        "Nome": "DECRETO N\u00b0056\/2020 - Preg\u00e3o Electr\u00f3nico",
        "Numero": "056",
        "Exercicio": "2020",
        "Descricao": "<br>"
    },
    {
        "Nome": "DECRETO N\u00b0078\/2021 - LUTO OFICIAL  (ADELSON MARTINS SANTOS)",
        "Numero": "078",
        "Exercicio": "2021",
        "Descricao": "<br>"
    },
    {
        "Nome": "DECRETO N\u00b0077\/2021 - PROIBI\u00c7\u00c3O DE EVENTOS",
        "Numero": "077",
        "Exercicio": "2021",
        "Descricao": "<br>"
    },
    {
        "Nome": "DECRETO N\u00b0076\/2021 -  SUSPENS\u00c3O DO CARNAVAL",
        "Numero": "076",
        "Exercicio": "2021",
        "Descricao": "<br>"
    },
    {
        "Nome": "DECRETO N\u00ba 075\/2021- RECADASTRAMENTO DE SERVIDORES",
        "Numero": "075",
        "Exercicio": "2021",
        "Descricao": "<br>"
    },
    {
        "Nome": "DECRETO N\u00b0 019\/2017 - CRIA\u00c7\u00c3O COORDENA\u00c7\u00c3O DA ASSIST\u00caNCIA FARMAC\u00caUTICA.",
        "Numero": "019",
        "Exercicio": "2017",
        "Descricao": "<br>"
    },
    {
        "Nome": "DECRETO N\u00b0 018\/2017 - RECESSO.",
        "Numero": "018",
        "Exercicio": "2017",
        "Descricao": "<br>"
    },
    {
        "Nome": "DECRETO N\u00b0 017\/2017 - ABERTURA DE PROCESSO ADMINISTRATIVO.",
        "Numero": "017",
        "Exercicio": "2017",
        "Descricao": "<br>"
    },
    {
        "Nome": "DECRETO N\u00b0 016\/2017 - PONTO FACULTATIVO 03 DE NOVEMBRO 2017.",
        "Numero": "016",
        "Exercicio": "2017",
        "Descricao": "<br>"
    },
    {
        "Nome": "DECRETO N\u00b0 015\/2017 - CONTRATA\u00c7\u00c3O ESCRIT\u00d3RIO ADVOCACIA.",
        "Numero": "015",
        "Exercicio": "2017",
        "Descricao": "<br>"
    },
    {
        "Nome": "DECRETO N\u00b0 014\/2017 - SUSPENS\u00c3O DE PAGAMENTO EM PEC\u00daNIA.",
        "Numero": "014",
        "Exercicio": "2017",
        "Descricao": "<br>"
    },
    {
        "Nome": "DECRETO N\u00b0 013\/2017 - ESTRUTURA TARIF\u00c1RIA PARA O SAAE.",
        "Numero": "013",
        "Exercicio": "2017",
        "Descricao": "<br>"
    },
    {
        "Nome": "DECRETO N\u00b0 012\/2017 - EXONERA\u00c7\u00c3O DE SERVIDORES.",
        "Numero": "012",
        "Exercicio": "2017",
        "Descricao": "<br>"
    },
    {
        "Nome": "DECRETO N\u00b0 011\/2017 - COMISS\u00c3O PERMANENTE DE PROCESSO ADMINISTRATIVO DISCIPLINAR.",
        "Numero": "011",
        "Exercicio": "2017",
        "Descricao": "<br>"
    },
    {
        "Nome": "DECRETO N\u00b0 009\/2017 - PONTO FACULTATIVO DIA 16 DE JUNHO 2017.",
        "Numero": "009",
        "Exercicio": "2017",
        "Descricao": "<br>"
    },
    {
        "Nome": "DECRETO N\u00b0 008\/2017 - REGULAMENTA FUNDO MUNICIPAL DOS DIREITO DA CRIAN\u00c7A E DO ADOLESCENTE",
        "Numero": "008",
        "Exercicio": "2017",
        "Descricao": "<br>"
    },
    {
        "Nome": "DECRETO N\u00b0 007\/2017 - Luto Oficial (Gilbert Pereira Barreto).",
        "Numero": "007",
        "Exercicio": "2017",
        "Descricao": "<br>"
    },
    {
        "Nome": "DECRETO N\u00b0 006\/2017 - Nome\u00e7\u00e3o Do (CMDRS).",
        "Numero": "006",
        "Exercicio": "2017",
        "Descricao": "<br>"
    },
    {
        "Nome": "DECRETO N\u00b0 005\/2017 - Ponto Facultativo no dias 27\/02\/2017 a  01\/03\/2017",
        "Numero": "005",
        "Exercicio": "2017",
        "Descricao": "<br>"
    },
    {
        "Nome": "DECRETO N\u00b0 004\/2017 - Recadastramento de Servidores.",
        "Numero": "004",
        "Exercicio": "2017",
        "Descricao": "<br>"
    },
    {
        "Nome": "DECRETO N\u00b0 002\/2017 - DESCENTRALIZA\u00c7\u00c3O ADMINISTRATIVA E FINANCEIRA.",
        "Numero": "002",
        "Exercicio": "2017",
        "Descricao": "<br>"
    },
    {
        "Nome": "DECRETO N\u00b0 001\/2017 - HOR\u00c1RIO DE EXPEDIENTE.",
        "Numero": "001",
        "Exercicio": "2017",
        "Descricao": "<br>"
    },
    {
        "Nome": "DECRETO N\u00b0 064\/2020 - Luto Oficial (Alecsandra Neres Marinho da Silva).",
        "Numero": "064",
        "Exercicio": "2020",
        "Descricao": "<br>"
    },
    {
        "Nome": "DECRETO N\u00b0 065\/2020 - Suspens\u00e3o do per\u00edodo de veraneio.",
        "Numero": "065",
        "Exercicio": "2020",
        "Descricao": "<br>"
    },
    {
        "Nome": "DECRETO N\u00b0 011\/2013 - Ponto Facultativo no dia 31\/05\/2013.",
        "Numero": "011",
        "Exercicio": "2013",
        "Descricao": "<br>"
    },
    {
        "Nome": "DECRETO N\u00b0 012\/2013 - 5\u00ba Confer\u00eancia Nacional das Cidades.",
        "Numero": "012",
        "Exercicio": "2013",
        "Descricao": "<br>"
    },
    {
        "Nome": "DECRETO N\u00b0 013\/2013 -  I CONFER\u00caNCIA MUNICIPAL DE MEIO AMBIENTE, TEMA: RES\u00cdDUOS S\u00d3LIDOS.",
        "Numero": "013",
        "Exercicio": "2013",
        "Descricao": "<br>"
    },
    {
        "Nome": "DECRETO N\u00b0 014\/2013 - ponto facultativo no dia 16 de julho de 2013.",
        "Numero": "014",
        "Exercicio": "2013",
        "Descricao": "<br>"
    },
    {
        "Nome": "DECRETO N\u00b0 016\/2013 - 6\u00aa CONFER\u00caNCIA MUNICIPAL DE ASSIST\u00caNCIA SOCIAL.",
        "Numero": "016",
        "Exercicio": "2013",
        "Descricao": "<br>"
    },
    {
        "Nome": "DECRETO N\u00b0 017\/2013 - CONVOCA A CONFER\u00caNCIA MUNICIPAL DE SA\u00daDE.",
        "Numero": "017",
        "Exercicio": "2013",
        "Descricao": "<br>"
    },
    {
        "Nome": "DECRETO N\u00b0 018\/2013 - Regulamenta a Lei Municipal N\u00b0 131, concess\u00e3o de beneficios eventuais.",
        "Numero": "018",
        "Exercicio": "2013",
        "Descricao": "<br>"
    },
    {
        "Nome": "DECRETO N\u00b0 019\/2013 - Recesso de fim de ano.",
        "Numero": "019",
        "Exercicio": "2013",
        "Descricao": "<br>"
    },
    {
        "Nome": "DECRETO N\u00b0 020\/2013 - Exonera\u00e7\u00e3o de comissionados.",
        "Numero": "020",
        "Exercicio": "2013",
        "Descricao": "<br>"
    },
    {
        "Nome": "DECRETO N\u00b0 023\/2014 - AUTORIZA\u00c7\u00c3O PARA REPRESENTA\u00c7\u00c3O JUNTO AO COLEGIADO INTERGESTOR REGIONAL.",
        "Numero": "023",
        "Exercicio": "2014",
        "Descricao": "<br>"
    },
    {
        "Nome": "DECRETO N\u00b0 024\/2014 - Ponto Facultativo (carnaval em Ribamar Fiquene).",
        "Numero": "024",
        "Exercicio": "2014",
        "Descricao": "<br>"
    },
    {
        "Nome": "DECRETO N\u00b0 025\/2014 - Ponto Facultativo segunda feira de carnaval.",
        "Numero": "025",
        "Exercicio": "2014",
        "Descricao": "<br>"
    },
    {
        "Nome": "DECRETO N\u00b0 026\/2014 - Descentraliza\u00e7\u00e3o administrativa e financeira.",
        "Numero": "026",
        "Exercicio": "2014",
        "Descricao": "<br>"
    },
    {
        "Nome": "DECRETO N\u00b0 027\/2014 - Ponto facultativo quinta feira santa.",
        "Numero": "027",
        "Exercicio": "2014",
        "Descricao": "<br>"
    },
    {
        "Nome": "DECRETO N\u00b0 029\/2014 - Ponto facultativo dias, 12, 17 e 23 de junho.",
        "Numero": "029",
        "Exercicio": "2014",
        "Descricao": "<br>"
    },
    {
        "Nome": "DECRETO N\u00b0 030\/2014 - Luto Oficial (Vanusa Cardoso).",
        "Numero": "030",
        "Exercicio": "2014",
        "Descricao": "<br>"
    },
    {
        "Nome": "DECRETO N\u00b0 031\/2014 - Ponto facultativo dia 20 de junho (corpus christi).",
        "Numero": "031",
        "Exercicio": "2014",
        "Descricao": "<br>"
    },
    {
        "Nome": "DECRETO N\u00b0 032\/2014 - Ponto facultativo dia 04 de Julho (Copa do Mundo).",
        "Numero": "032",
        "Exercicio": "2014",
        "Descricao": "<br>"
    },
    {
        "Nome": "DECRETO N\u00b0 033\/2014 - Ponto facultativo 08 de Julho (Copa do Mundo).",
        "Numero": "033",
        "Exercicio": "2014",
        "Descricao": "<br>"
    },
    {
        "Nome": "DECRETO N\u00b0 034\/2014 - CONDUTAS AOS AGENTES PUBLICOS MUNICIPAIS NO PER\u00cdODO ELEITORAL.",
        "Numero": "034",
        "Exercicio": "2014",
        "Descricao": "<br>"
    },
    {
        "Nome": "DECRETO N\u00b0 035\/2014 - F\u00f3rum Permanente de Educa\u00e7\u00e3o.",
        "Numero": "035",
        "Exercicio": "2014",
        "Descricao": "<br>"
    },
    {
        "Nome": "DECRETO N\u00b0 036\/2014 - Ponto facultativo 08 de setembro de 2014.",
        "Numero": "036",
        "Exercicio": "2014",
        "Descricao": "<br>"
    },
    {
        "Nome": "DECRETO N\u00b0 037\/2014 - Ponto facultativo dia do Servidor P\u00fablico.",
        "Numero": "037",
        "Exercicio": "2014",
        "Descricao": "<br>"
    },
    {
        "Nome": "DECRETO N\u00b0 038\/2014 - Feriado Municipal Anivers\u00e1rio de Ribamar Fiquene - MA.",
        "Numero": "038",
        "Exercicio": "2014",
        "Descricao": "<br>"
    },
    {
        "Nome": "DECRETO N\u00b0 039\/2014 - Recesso Nas Reparti\u00e7\u00f5es Publicas de Ribamar Fiquene - Ma.",
        "Numero": "039",
        "Exercicio": "2014",
        "Descricao": "<br>"
    },
    {
        "Nome": "DECRETO N\u00b0 040\/2014 - Exonera\u00e7\u00e3o cargos comissionados.",
        "Numero": "040",
        "Exercicio": "2014",
        "Descricao": "<br>"
    },
    {
        "Nome": "DECRETO N\u00b0 042\/2015 - Exonera\u00e7\u00e3o cargos comissionados.",
        "Numero": "042",
        "Exercicio": "2015",
        "Descricao": "<br>"
    },
    {
        "Nome": "DECRETO N\u00b0 043\/2015 - AUTORIZA\u00c7\u00c3O PARA REPRESENTA\u00c7\u00c3O JUNTO AO COLEGIADO INTERGESTOR REGIONAL.",
        "Numero": "043",
        "Exercicio": "2015",
        "Descricao": "<br>"
    },
    {
        "Nome": "DECRETO N\u00b0 044\/2015 - Ponto facultativo Quinta feira santa.",
        "Numero": "044",
        "Exercicio": "2015",
        "Descricao": "<br>"
    },
    {
        "Nome": "DECRETO N\u00b0 045\/2015 - Ponto facultativo (Feriado Tiradentes).",
        "Numero": "045",
        "Exercicio": "2015",
        "Descricao": "<br>"
    },
    {
        "Nome": "DECRETO N\u00b0 046\/2015 - Lei Municipal n\u00b0 221, de 24 de mar\u00e7o de 2015.",
        "Numero": "046",
        "Exercicio": "2015",
        "Descricao": "<br>"
    },
    {
        "Nome": "DECRETO N\u00b0 047\/2015 - 38\u00b0 CONFER\u00caNCIA MUNICIPAL DOS DIREITOS HUMANOS DA CRIAN\u00c7A E DO ADOLESCENTE.",
        "Numero": "047",
        "Exercicio": "2015",
        "Descricao": "<br>"
    },
    {
        "Nome": "DECRETO N\u00b0 049\/2015 - VII Confer\u00eancia Municipal de Assist\u00eancia Social.",
        "Numero": "049",
        "Exercicio": "2015",
        "Descricao": "<br>"
    },
    {
        "Nome": "DECRETO N\u00b0 050\/2015 - PER\u00cdODO VERANEIO 2015.",
        "Numero": "050",
        "Exercicio": "2015",
        "Descricao": "<br>"
    },
    {
        "Nome": "DECRETO N\u00b0 051\/2015 - Confer\u00eancia Municipal de Sa\u00fade.",
        "Numero": "051",
        "Exercicio": "2015",
        "Descricao": "<br>"
    },
    {
        "Nome": "DECRETO N\u00b0 052\/2015 - Hor\u00e1rio de Expediente.",
        "Numero": "052",
        "Exercicio": "2015",
        "Descricao": "<br>"
    },
    {
        "Nome": "DECRETO N\u00b0 053\/2015 - Revoga\u00e7\u00e3o do decreto de hor\u00e1rio de expediente.",
        "Numero": "053",
        "Exercicio": "2015",
        "Descricao": "<br>"
    },
    {
        "Nome": "DECRETO N\u00b0 054\/2015 - Conten\u00e7\u00e3o de despesas do Poder Executivo Municipal.",
        "Numero": "054",
        "Exercicio": "2015",
        "Descricao": "<br>"
    },
    {
        "Nome": "DECRETO N\u00b0 055\/2016 - Ponto facultativo Dia do Servidor P\u00fablico.",
        "Numero": "055",
        "Exercicio": "2016",
        "Descricao": "<br>"
    },
    {
        "Nome": "DECRETO N\u00b0 056\/2015 - Ponto facultativo dia 09 de novembro de 2015.",
        "Numero": "056",
        "Exercicio": "2015",
        "Descricao": "<br>"
    },
    {
        "Nome": "DECRETO N\u00b0 057\/2015 - Acesso \u00e0 Informa\u00e7\u00e3o Poder Executivo Municipal.",
        "Numero": "057",
        "Exercicio": "2015",
        "Descricao": "<br>"
    },
    {
        "Nome": "DECRETO N\u00b0 058\/2015 - Hor\u00e1rio de expediente Prefeitura.",
        "Numero": "058",
        "Exercicio": "2015",
        "Descricao": "<br>"
    },
    {
        "Nome": "DECRETO N\u00b0 059\/2015 - Recesso nas reparti\u00e7\u00f5es p\u00fablicas.",
        "Numero": "059",
        "Exercicio": "2015",
        "Descricao": "<br>"
    },
    {
        "Nome": "DECRETO N\u00b0 061\/2016 - 4\u00b0 Confer\u00eancia Municipal das Cidades.",
        "Numero": "061",
        "Exercicio": "2016",
        "Descricao": "<br>"
    },
    {
        "Nome": "DECRETO N\u00b0 062\/2016 - LUTO OFICIAL (Manuel Bezerra de Oliveira).",
        "Numero": "062",
        "Exercicio": "2016",
        "Descricao": "<br>"
    },
    {
        "Nome": "DECRETO N\u00b0 063\/2016 - Ponto facultativo 22 de abril de 2016.",
        "Numero": "063",
        "Exercicio": "2016",
        "Descricao": "<br>"
    }
]